{"id":2772,"date":"2023-09-26T08:02:28","date_gmt":"2023-09-26T06:02:28","guid":{"rendered":"https:\/\/www.canonvalles.com\/2023\/09\/26\/canon-fundacio-rivus\/"},"modified":"2025-10-06T18:23:43","modified_gmt":"2025-10-06T16:23:43","slug":"canon-valles-elige-la-fundacio-rivus-para-colaborar-en-los-proyectos-de-educacion-y-divulgacion-ambientales","status":"publish","type":"post","link":"https:\/\/www.canonvalles.com\/es\/blog\/empresarial\/canon-valles-elige-la-fundacio-rivus-para-colaborar-en-los-proyectos-de-educacion-y-divulgacion-ambientales\/","title":{"rendered":"Canon Vall\u00e8s elige la Fundaci\u00f3 RIVUS para colaborar en los proyectos de educaci\u00f3n y divulgaci\u00f3n ambientales"},"content":{"rendered":"<p style=\"text-align: justify;\">Recientemente Canon Vall\u00e9s ha recibido un premio de Canon por ser el <strong>distribuidor que m\u00e1s dispositivos de la gama EQ vendi\u00f3 en Espa\u00f1a.<\/strong><\/p>\n<p style=\"text-align: justify;\">La gama EQ es la apuesta de Canon por la <strong>sostenibilidad<\/strong> con dispositivos refabricados en los que se han integrado \u00faltimas tecnolog\u00edas para reducir y reutilizar garantizando las mismas prestaciones que caracterizan a la marca.<\/p>\n<p style=\"text-align: justify;\">Canon Vall\u00e8s, por su parte, fij\u00f3 como objetivo potenciar la venta de la gama EQ como parte de su compromiso medioambiental. Su aportaci\u00f3n como empresa a la conservaci\u00f3n del medioambiente se ha visto premiada con una dotaci\u00f3n econ\u00f3mica que la compa\u00f1\u00eda ha querido donar a causas medioambientales.<\/p>\n<p style=\"text-align: justify;\">As\u00ed, la cuant\u00eda econ\u00f3mica ir\u00e1 destinada a la <a href=\"https:\/\/fundaciorivus.cat\/\"><strong>Fundaci\u00f3n RIVUS<\/strong><\/a>, una asociaci\u00f3n dedicada a la divulgaci\u00f3n y protecci\u00f3n del medio ambiente.<\/p>\n<p style=\"text-align: justify;\">La Fundaci\u00f3n RIVUS, creada en 2019, realiza actividades como programas de educaci\u00f3n ambiental, apoyo al voluntariado, concienciaci\u00f3n sobre temas relacionados con la sostenibilidad y gesti\u00f3n de recursos h\u00eddricos en las cuencas del Bes\u00f2s y la Tordera. Adem\u00e1s, publican estudios y conceden becas a entidades involucradas en la protecci\u00f3n ambiental.<\/p>\n<p style=\"text-align: justify;\">Esta alianza servir\u00e1 para que Canon Vall\u00e8s pueda contribuir con iniciativas que promuevan la conciencia ambiental en la comunidad. El apoyo financiero permitir\u00e1 que la Fundaci\u00f3n RIVUS lleve a cabo sus proyectos y actividades destinadas a cumplir sus objetivos fundacionales.<\/p>\n<p style=\"text-align: justify;\">Jordi Salom, director comercial de Canon Vall\u00e8s, y Albert Sol\u00e0, patr\u00f3n de la Fundaci\u00f3n RIVUS y gerente del Consorci Bes\u00f2s Tordera sellaron esta importante colaboraci\u00f3n y analizaron las diversas l\u00edneas de acci\u00f3n que se pueden emprender.<\/p>\n<p style=\"text-align: justify;\">El donativo permitir\u00e1 impulsar actividades relacionadas con la educaci\u00f3n ambiental, la innovaci\u00f3n, la investigaci\u00f3n y otras iniciativas centradas en la conservaci\u00f3n de los entornos fluviales.<\/p>\n<p style=\"text-align: justify;\">Desde Canon, reconocieron la relevancia de apoyar a una entidad sin fines de lucro que trabaja activamente en la mejora de su entorno local, especialmente en lo que respecta a la conservaci\u00f3n de los r\u00edos y su entorno.<\/p>\n<p style=\"text-align: justify;\"><a href=\"https:\/\/www.canonvalles.com\/es\/impresion-de-oficina\/impresoras-multifuncion\/refabricadas\/\"><strong>Los equipos multifunci\u00f3n refabricados de la gama EQ y ES<\/strong><\/a> que comercializa Canon Vall\u00e8s son parte del compromiso de la marca con la eficiencia y la sostenibilidad. Ahora, se ha dado un paso m\u00e1s en la conservaci\u00f3n del planeta con la donaci\u00f3n de la cuant\u00eda del premio a una entidad que vela desde hace a\u00f1os por la conservaci\u00f3n de los entornos fluviales.<\/p>\n","protected":false},"excerpt":{"rendered":"<p>Recientemente Canon Vall\u00e9s ha recibido un premio de Canon por ser el distribuidor que m\u00e1s dispositivos de la gama EQ vendi\u00f3 en Espa\u00f1a. La gama EQ es la apuesta de Canon por la sostenibilidad con dispositivos refabricados en los que se han integrado \u00faltimas tecnolog\u00edas para reducir y reutilizar garantizando las mismas prestaciones que caracterizan [&hellip;]<\/p>\n","protected":false},"author":1,"featured_media":1816,"comment_status":"open","ping_status":"closed","sticky":false,"template":"","format":"standard","meta":{"_acf_changed":false,"footnotes":""},"categories":[227],"tags":[],"class_list":["post-2772","post","type-post","status-publish","format-standard","has-post-thumbnail","hentry","category-empresarial"],"acf":[],"yoast_head":"<!-- This site is optimized with the Yoast SEO plugin v27.3 - https:\/\/yoast.com\/product\/yoast-seo-wordpress\/ -->\n<title>Canon Valles y Fundaci\u00f3n RIVUS impulsan la educaci\u00f3n ambiental<\/title>\n<meta name=\"description\" content=\"Canon Valles y Fundaci\u00f3n RIVUS colaboran para impulsar proyectos ambientales y sensibilizar a la sociedad sobre la importancia del respeto al medio ambiente y promover la sostenibilidad.\" \/>\n<meta name=\"robots\" content=\"index, follow, max-snippet:-1, max-image-preview:large, max-video-preview:-1\" \/>\n<link rel=\"canonical\" href=\"https:\/\/www.canonvalles.com\/es\/blog\/empresarial\/canon-valles-elige-la-fundacio-rivus-para-colaborar-en-los-proyectos-de-educacion-y-divulgacion-ambientales\/\" \/>\n<meta property=\"og:locale\" content=\"es_ES\" \/>\n<meta property=\"og:type\" content=\"article\" \/>\n<meta property=\"og:title\" content=\"Canon Valles y Fundaci\u00f3n RIVUS impulsan la educaci\u00f3n ambiental\" \/>\n<meta property=\"og:description\" content=\"Canon Valles y Fundaci\u00f3n RIVUS colaboran para impulsar proyectos ambientales y sensibilizar a la sociedad sobre la importancia del respeto al medio ambiente y promover la sostenibilidad.\" \/>\n<meta property=\"og:url\" content=\"https:\/\/www.canonvalles.com\/es\/blog\/empresarial\/canon-valles-elige-la-fundacio-rivus-para-colaborar-en-los-proyectos-de-educacion-y-divulgacion-ambientales\/\" \/>\n<meta property=\"og:site_name\" content=\"Canon\" \/>\n<meta property=\"article:published_time\" content=\"2023-09-26T06:02:28+00:00\" \/>\n<meta property=\"article:modified_time\" content=\"2025-10-06T16:23:43+00:00\" \/>\n<meta property=\"og:image\" content=\"https:\/\/www.canonvalles.com\/wp-content\/uploads\/2024\/06\/Canon-Business-Center-Valles-elige-la-Fundacio-RIVUS-para-colaborar-en-los-proyectos-de-educacion-y-divulgaci-n-ambientales.jpg\" \/>\n\t<meta property=\"og:image:width\" content=\"1200\" \/>\n\t<meta property=\"og:image:height\" content=\"700\" \/>\n\t<meta property=\"og:image:type\" content=\"image\/jpeg\" \/>\n<meta name=\"author\" content=\"admin_canon\" \/>\n<meta name=\"twitter:card\" content=\"summary_large_image\" \/>\n<meta name=\"twitter:label1\" content=\"Escrito por\" \/>\n\t<meta name=\"twitter:data1\" content=\"admin_canon\" \/>\n\t<meta name=\"twitter:label2\" content=\"Tiempo de lectura\" \/>\n\t<meta name=\"twitter:data2\" content=\"2 minutos\" \/>\n<script type=\"application\/ld+json\" class=\"yoast-schema-graph\">{\"@context\":\"https:\\\/\\\/schema.org\",\"@graph\":[{\"@type\":\"Article\",\"@id\":\"https:\\\/\\\/www.canonvalles.com\\\/es\\\/blog\\\/empresarial\\\/canon-valles-elige-la-fundacio-rivus-para-colaborar-en-los-proyectos-de-educacion-y-divulgacion-ambientales\\\/#article\",\"isPartOf\":{\"@id\":\"https:\\\/\\\/www.canonvalles.com\\\/es\\\/blog\\\/empresarial\\\/canon-valles-elige-la-fundacio-rivus-para-colaborar-en-los-proyectos-de-educacion-y-divulgacion-ambientales\\\/\"},\"author\":{\"name\":\"admin_canon\",\"@id\":\"https:\\\/\\\/www.canonvalles.com\\\/es\\\/#\\\/schema\\\/person\\\/6828da50be9127afc66e20cb19f10837\"},\"headline\":\"Canon Vall\u00e8s elige la Fundaci\u00f3 RIVUS para colaborar en los proyectos de educaci\u00f3n y divulgaci\u00f3n ambientales\",\"datePublished\":\"2023-09-26T06:02:28+00:00\",\"dateModified\":\"2025-10-06T16:23:43+00:00\",\"mainEntityOfPage\":{\"@id\":\"https:\\\/\\\/www.canonvalles.com\\\/es\\\/blog\\\/empresarial\\\/canon-valles-elige-la-fundacio-rivus-para-colaborar-en-los-proyectos-de-educacion-y-divulgacion-ambientales\\\/\"},\"wordCount\":441,\"commentCount\":0,\"publisher\":{\"@id\":\"https:\\\/\\\/www.canonvalles.com\\\/es\\\/#organization\"},\"image\":{\"@id\":\"https:\\\/\\\/www.canonvalles.com\\\/es\\\/blog\\\/empresarial\\\/canon-valles-elige-la-fundacio-rivus-para-colaborar-en-los-proyectos-de-educacion-y-divulgacion-ambientales\\\/#primaryimage\"},\"thumbnailUrl\":\"https:\\\/\\\/www.canonvalles.com\\\/wp-content\\\/uploads\\\/2024\\\/06\\\/Canon-Business-Center-Valles-elige-la-Fundacio-RIVUS-para-colaborar-en-los-proyectos-de-educacion-y-divulgaci-n-ambientales.jpg\",\"articleSection\":[\"Empresarial\"],\"inLanguage\":\"es\",\"potentialAction\":[{\"@type\":\"CommentAction\",\"name\":\"Comment\",\"target\":[\"https:\\\/\\\/www.canonvalles.com\\\/es\\\/blog\\\/empresarial\\\/canon-valles-elige-la-fundacio-rivus-para-colaborar-en-los-proyectos-de-educacion-y-divulgacion-ambientales\\\/#respond\"]}]},{\"@type\":\"WebPage\",\"@id\":\"https:\\\/\\\/www.canonvalles.com\\\/es\\\/blog\\\/empresarial\\\/canon-valles-elige-la-fundacio-rivus-para-colaborar-en-los-proyectos-de-educacion-y-divulgacion-ambientales\\\/\",\"url\":\"https:\\\/\\\/www.canonvalles.com\\\/es\\\/blog\\\/empresarial\\\/canon-valles-elige-la-fundacio-rivus-para-colaborar-en-los-proyectos-de-educacion-y-divulgacion-ambientales\\\/\",\"name\":\"Canon Valles y Fundaci\u00f3n RIVUS impulsan la educaci\u00f3n ambiental\",\"isPartOf\":{\"@id\":\"https:\\\/\\\/www.canonvalles.com\\\/es\\\/#website\"},\"primaryImageOfPage\":{\"@id\":\"https:\\\/\\\/www.canonvalles.com\\\/es\\\/blog\\\/empresarial\\\/canon-valles-elige-la-fundacio-rivus-para-colaborar-en-los-proyectos-de-educacion-y-divulgacion-ambientales\\\/#primaryimage\"},\"image\":{\"@id\":\"https:\\\/\\\/www.canonvalles.com\\\/es\\\/blog\\\/empresarial\\\/canon-valles-elige-la-fundacio-rivus-para-colaborar-en-los-proyectos-de-educacion-y-divulgacion-ambientales\\\/#primaryimage\"},\"thumbnailUrl\":\"https:\\\/\\\/www.canonvalles.com\\\/wp-content\\\/uploads\\\/2024\\\/06\\\/Canon-Business-Center-Valles-elige-la-Fundacio-RIVUS-para-colaborar-en-los-proyectos-de-educacion-y-divulgaci-n-ambientales.jpg\",\"datePublished\":\"2023-09-26T06:02:28+00:00\",\"dateModified\":\"2025-10-06T16:23:43+00:00\",\"description\":\"Canon Valles y Fundaci\u00f3n RIVUS colaboran para impulsar proyectos ambientales y sensibilizar a la sociedad sobre la importancia del respeto al medio ambiente y promover la sostenibilidad.\",\"breadcrumb\":{\"@id\":\"https:\\\/\\\/www.canonvalles.com\\\/es\\\/blog\\\/empresarial\\\/canon-valles-elige-la-fundacio-rivus-para-colaborar-en-los-proyectos-de-educacion-y-divulgacion-ambientales\\\/#breadcrumb\"},\"inLanguage\":\"es\",\"potentialAction\":[{\"@type\":\"ReadAction\",\"target\":[\"https:\\\/\\\/www.canonvalles.com\\\/es\\\/blog\\\/empresarial\\\/canon-valles-elige-la-fundacio-rivus-para-colaborar-en-los-proyectos-de-educacion-y-divulgacion-ambientales\\\/\"]}]},{\"@type\":\"ImageObject\",\"inLanguage\":\"es\",\"@id\":\"https:\\\/\\\/www.canonvalles.com\\\/es\\\/blog\\\/empresarial\\\/canon-valles-elige-la-fundacio-rivus-para-colaborar-en-los-proyectos-de-educacion-y-divulgacion-ambientales\\\/#primaryimage\",\"url\":\"https:\\\/\\\/www.canonvalles.com\\\/wp-content\\\/uploads\\\/2024\\\/06\\\/Canon-Business-Center-Valles-elige-la-Fundacio-RIVUS-para-colaborar-en-los-proyectos-de-educacion-y-divulgaci-n-ambientales.jpg\",\"contentUrl\":\"https:\\\/\\\/www.canonvalles.com\\\/wp-content\\\/uploads\\\/2024\\\/06\\\/Canon-Business-Center-Valles-elige-la-Fundacio-RIVUS-para-colaborar-en-los-proyectos-de-educacion-y-divulgaci-n-ambientales.jpg\",\"width\":1200,\"height\":700,\"caption\":\"Canon Business Center Vall\u00e8s elige la Fundaci\u00f3 RIVUS para colaborar en los proyectos de educaci\u00f3n y divulgaci\u00f3n ambientales\"},{\"@type\":\"BreadcrumbList\",\"@id\":\"https:\\\/\\\/www.canonvalles.com\\\/es\\\/blog\\\/empresarial\\\/canon-valles-elige-la-fundacio-rivus-para-colaborar-en-los-proyectos-de-educacion-y-divulgacion-ambientales\\\/#breadcrumb\",\"itemListElement\":[{\"@type\":\"ListItem\",\"position\":1,\"name\":\"Home\",\"item\":\"https:\\\/\\\/www.canonvalles.com\\\/es\\\/inicio\\\/\"},{\"@type\":\"ListItem\",\"position\":2,\"name\":\"Canon Vall\u00e8s elige la Fundaci\u00f3 RIVUS para colaborar en los proyectos de educaci\u00f3n y divulgaci\u00f3n ambientales\"}]},{\"@type\":\"WebSite\",\"@id\":\"https:\\\/\\\/www.canonvalles.com\\\/es\\\/#website\",\"url\":\"https:\\\/\\\/www.canonvalles.com\\\/es\\\/\",\"name\":\"Canon\",\"description\":\"Valles\",\"publisher\":{\"@id\":\"https:\\\/\\\/www.canonvalles.com\\\/es\\\/#organization\"},\"potentialAction\":[{\"@type\":\"SearchAction\",\"target\":{\"@type\":\"EntryPoint\",\"urlTemplate\":\"https:\\\/\\\/www.canonvalles.com\\\/es\\\/?s={search_term_string}\"},\"query-input\":{\"@type\":\"PropertyValueSpecification\",\"valueRequired\":true,\"valueName\":\"search_term_string\"}}],\"inLanguage\":\"es\"},{\"@type\":\"Organization\",\"@id\":\"https:\\\/\\\/www.canonvalles.com\\\/es\\\/#organization\",\"name\":\"Canon\",\"url\":\"https:\\\/\\\/www.canonvalles.com\\\/es\\\/\",\"logo\":{\"@type\":\"ImageObject\",\"inLanguage\":\"es\",\"@id\":\"https:\\\/\\\/www.canonvalles.com\\\/es\\\/#\\\/schema\\\/logo\\\/image\\\/\",\"url\":\"https:\\\/\\\/www.canonvalles.com\\\/wp-content\\\/uploads\\\/2023\\\/09\\\/logo_canon.svg\",\"contentUrl\":\"https:\\\/\\\/www.canonvalles.com\\\/wp-content\\\/uploads\\\/2023\\\/09\\\/logo_canon.svg\",\"width\":175,\"height\":94,\"caption\":\"Canon\"},\"image\":{\"@id\":\"https:\\\/\\\/www.canonvalles.com\\\/es\\\/#\\\/schema\\\/logo\\\/image\\\/\"}},{\"@type\":\"Person\",\"@id\":\"https:\\\/\\\/www.canonvalles.com\\\/es\\\/#\\\/schema\\\/person\\\/6828da50be9127afc66e20cb19f10837\",\"name\":\"admin_canon\",\"image\":{\"@type\":\"ImageObject\",\"inLanguage\":\"es\",\"@id\":\"https:\\\/\\\/secure.gravatar.com\\\/avatar\\\/93d26027a4e4c0079fea9b904488089c6fd96094432069592a07745aba74b563?s=96&d=mm&r=g\",\"url\":\"https:\\\/\\\/secure.gravatar.com\\\/avatar\\\/93d26027a4e4c0079fea9b904488089c6fd96094432069592a07745aba74b563?s=96&d=mm&r=g\",\"contentUrl\":\"https:\\\/\\\/secure.gravatar.com\\\/avatar\\\/93d26027a4e4c0079fea9b904488089c6fd96094432069592a07745aba74b563?s=96&d=mm&r=g\",\"caption\":\"admin_canon\"},\"sameAs\":[\"https:\\\/\\\/www.canonvalles.com\"],\"url\":\"https:\\\/\\\/www.canonvalles.com\\\/es\\\/author\\\/admin_canon\\\/\"}]}<\/script>\n<!-- \/ Yoast SEO plugin. -->","yoast_head_json":{"title":"Canon Valles y Fundaci\u00f3n RIVUS impulsan la educaci\u00f3n ambiental","description":"Canon Valles y Fundaci\u00f3n RIVUS colaboran para impulsar proyectos ambientales y sensibilizar a la sociedad sobre la importancia del respeto al medio ambiente y promover la sostenibilidad.","robots":{"index":"index","follow":"follow","max-snippet":"max-snippet:-1","max-image-preview":"max-image-preview:large","max-video-preview":"max-video-preview:-1"},"canonical":"https:\/\/www.canonvalles.com\/es\/blog\/empresarial\/canon-valles-elige-la-fundacio-rivus-para-colaborar-en-los-proyectos-de-educacion-y-divulgacion-ambientales\/","og_locale":"es_ES","og_type":"article","og_title":"Canon Valles y Fundaci\u00f3n RIVUS impulsan la educaci\u00f3n ambiental","og_description":"Canon Valles y Fundaci\u00f3n RIVUS colaboran para impulsar proyectos ambientales y sensibilizar a la sociedad sobre la importancia del respeto al medio ambiente y promover la sostenibilidad.","og_url":"https:\/\/www.canonvalles.com\/es\/blog\/empresarial\/canon-valles-elige-la-fundacio-rivus-para-colaborar-en-los-proyectos-de-educacion-y-divulgacion-ambientales\/","og_site_name":"Canon","article_published_time":"2023-09-26T06:02:28+00:00","article_modified_time":"2025-10-06T16:23:43+00:00","og_image":[{"width":1200,"height":700,"url":"https:\/\/www.canonvalles.com\/wp-content\/uploads\/2024\/06\/Canon-Business-Center-Valles-elige-la-Fundacio-RIVUS-para-colaborar-en-los-proyectos-de-educacion-y-divulgaci-n-ambientales.jpg","type":"image\/jpeg"}],"author":"admin_canon","twitter_card":"summary_large_image","twitter_misc":{"Escrito por":"admin_canon","Tiempo de lectura":"2 minutos"},"schema":{"@context":"https:\/\/schema.org","@graph":[{"@type":"Article","@id":"https:\/\/www.canonvalles.com\/es\/blog\/empresarial\/canon-valles-elige-la-fundacio-rivus-para-colaborar-en-los-proyectos-de-educacion-y-divulgacion-ambientales\/#article","isPartOf":{"@id":"https:\/\/www.canonvalles.com\/es\/blog\/empresarial\/canon-valles-elige-la-fundacio-rivus-para-colaborar-en-los-proyectos-de-educacion-y-divulgacion-ambientales\/"},"author":{"name":"admin_canon","@id":"https:\/\/www.canonvalles.com\/es\/#\/schema\/person\/6828da50be9127afc66e20cb19f10837"},"headline":"Canon Vall\u00e8s elige la Fundaci\u00f3 RIVUS para colaborar en los proyectos de educaci\u00f3n y divulgaci\u00f3n ambientales","datePublished":"2023-09-26T06:02:28+00:00","dateModified":"2025-10-06T16:23:43+00:00","mainEntityOfPage":{"@id":"https:\/\/www.canonvalles.com\/es\/blog\/empresarial\/canon-valles-elige-la-fundacio-rivus-para-colaborar-en-los-proyectos-de-educacion-y-divulgacion-ambientales\/"},"wordCount":441,"commentCount":0,"publisher":{"@id":"https:\/\/www.canonvalles.com\/es\/#organization"},"image":{"@id":"https:\/\/www.canonvalles.com\/es\/blog\/empresarial\/canon-valles-elige-la-fundacio-rivus-para-colaborar-en-los-proyectos-de-educacion-y-divulgacion-ambientales\/#primaryimage"},"thumbnailUrl":"https:\/\/www.canonvalles.com\/wp-content\/uploads\/2024\/06\/Canon-Business-Center-Valles-elige-la-Fundacio-RIVUS-para-colaborar-en-los-proyectos-de-educacion-y-divulgaci-n-ambientales.jpg","articleSection":["Empresarial"],"inLanguage":"es","potentialAction":[{"@type":"CommentAction","name":"Comment","target":["https:\/\/www.canonvalles.com\/es\/blog\/empresarial\/canon-valles-elige-la-fundacio-rivus-para-colaborar-en-los-proyectos-de-educacion-y-divulgacion-ambientales\/#respond"]}]},{"@type":"WebPage","@id":"https:\/\/www.canonvalles.com\/es\/blog\/empresarial\/canon-valles-elige-la-fundacio-rivus-para-colaborar-en-los-proyectos-de-educacion-y-divulgacion-ambientales\/","url":"https:\/\/www.canonvalles.com\/es\/blog\/empresarial\/canon-valles-elige-la-fundacio-rivus-para-colaborar-en-los-proyectos-de-educacion-y-divulgacion-ambientales\/","name":"Canon Valles y Fundaci\u00f3n RIVUS impulsan la educaci\u00f3n ambiental","isPartOf":{"@id":"https:\/\/www.canonvalles.com\/es\/#website"},"primaryImageOfPage":{"@id":"https:\/\/www.canonvalles.com\/es\/blog\/empresarial\/canon-valles-elige-la-fundacio-rivus-para-colaborar-en-los-proyectos-de-educacion-y-divulgacion-ambientales\/#primaryimage"},"image":{"@id":"https:\/\/www.canonvalles.com\/es\/blog\/empresarial\/canon-valles-elige-la-fundacio-rivus-para-colaborar-en-los-proyectos-de-educacion-y-divulgacion-ambientales\/#primaryimage"},"thumbnailUrl":"https:\/\/www.canonvalles.com\/wp-content\/uploads\/2024\/06\/Canon-Business-Center-Valles-elige-la-Fundacio-RIVUS-para-colaborar-en-los-proyectos-de-educacion-y-divulgaci-n-ambientales.jpg","datePublished":"2023-09-26T06:02:28+00:00","dateModified":"2025-10-06T16:23:43+00:00","description":"Canon Valles y Fundaci\u00f3n RIVUS colaboran para impulsar proyectos ambientales y sensibilizar a la sociedad sobre la importancia del respeto al medio ambiente y promover la sostenibilidad.","breadcrumb":{"@id":"https:\/\/www.canonvalles.com\/es\/blog\/empresarial\/canon-valles-elige-la-fundacio-rivus-para-colaborar-en-los-proyectos-de-educacion-y-divulgacion-ambientales\/#breadcrumb"},"inLanguage":"es","potentialAction":[{"@type":"ReadAction","target":["https:\/\/www.canonvalles.com\/es\/blog\/empresarial\/canon-valles-elige-la-fundacio-rivus-para-colaborar-en-los-proyectos-de-educacion-y-divulgacion-ambientales\/"]}]},{"@type":"ImageObject","inLanguage":"es","@id":"https:\/\/www.canonvalles.com\/es\/blog\/empresarial\/canon-valles-elige-la-fundacio-rivus-para-colaborar-en-los-proyectos-de-educacion-y-divulgacion-ambientales\/#primaryimage","url":"https:\/\/www.canonvalles.com\/wp-content\/uploads\/2024\/06\/Canon-Business-Center-Valles-elige-la-Fundacio-RIVUS-para-colaborar-en-los-proyectos-de-educacion-y-divulgaci-n-ambientales.jpg","contentUrl":"https:\/\/www.canonvalles.com\/wp-content\/uploads\/2024\/06\/Canon-Business-Center-Valles-elige-la-Fundacio-RIVUS-para-colaborar-en-los-proyectos-de-educacion-y-divulgaci-n-ambientales.jpg","width":1200,"height":700,"caption":"Canon Business Center Vall\u00e8s elige la Fundaci\u00f3 RIVUS para colaborar en los proyectos de educaci\u00f3n y divulgaci\u00f3n ambientales"},{"@type":"BreadcrumbList","@id":"https:\/\/www.canonvalles.com\/es\/blog\/empresarial\/canon-valles-elige-la-fundacio-rivus-para-colaborar-en-los-proyectos-de-educacion-y-divulgacion-ambientales\/#breadcrumb","itemListElement":[{"@type":"ListItem","position":1,"name":"Home","item":"https:\/\/www.canonvalles.com\/es\/inicio\/"},{"@type":"ListItem","position":2,"name":"Canon Vall\u00e8s elige la Fundaci\u00f3 RIVUS para colaborar en los proyectos de educaci\u00f3n y divulgaci\u00f3n ambientales"}]},{"@type":"WebSite","@id":"https:\/\/www.canonvalles.com\/es\/#website","url":"https:\/\/www.canonvalles.com\/es\/","name":"Canon","description":"Valles","publisher":{"@id":"https:\/\/www.canonvalles.com\/es\/#organization"},"potentialAction":[{"@type":"SearchAction","target":{"@type":"EntryPoint","urlTemplate":"https:\/\/www.canonvalles.com\/es\/?s={search_term_string}"},"query-input":{"@type":"PropertyValueSpecification","valueRequired":true,"valueName":"search_term_string"}}],"inLanguage":"es"},{"@type":"Organization","@id":"https:\/\/www.canonvalles.com\/es\/#organization","name":"Canon","url":"https:\/\/www.canonvalles.com\/es\/","logo":{"@type":"ImageObject","inLanguage":"es","@id":"https:\/\/www.canonvalles.com\/es\/#\/schema\/logo\/image\/","url":"https:\/\/www.canonvalles.com\/wp-content\/uploads\/2023\/09\/logo_canon.svg","contentUrl":"https:\/\/www.canonvalles.com\/wp-content\/uploads\/2023\/09\/logo_canon.svg","width":175,"height":94,"caption":"Canon"},"image":{"@id":"https:\/\/www.canonvalles.com\/es\/#\/schema\/logo\/image\/"}},{"@type":"Person","@id":"https:\/\/www.canonvalles.com\/es\/#\/schema\/person\/6828da50be9127afc66e20cb19f10837","name":"admin_canon","image":{"@type":"ImageObject","inLanguage":"es","@id":"https:\/\/secure.gravatar.com\/avatar\/93d26027a4e4c0079fea9b904488089c6fd96094432069592a07745aba74b563?s=96&d=mm&r=g","url":"https:\/\/secure.gravatar.com\/avatar\/93d26027a4e4c0079fea9b904488089c6fd96094432069592a07745aba74b563?s=96&d=mm&r=g","contentUrl":"https:\/\/secure.gravatar.com\/avatar\/93d26027a4e4c0079fea9b904488089c6fd96094432069592a07745aba74b563?s=96&d=mm&r=g","caption":"admin_canon"},"sameAs":["https:\/\/www.canonvalles.com"],"url":"https:\/\/www.canonvalles.com\/es\/author\/admin_canon\/"}]}},"_links":{"self":[{"href":"https:\/\/www.canonvalles.com\/es\/wp-json\/wp\/v2\/posts\/2772","targetHints":{"allow":["GET"]}}],"collection":[{"href":"https:\/\/www.canonvalles.com\/es\/wp-json\/wp\/v2\/posts"}],"about":[{"href":"https:\/\/www.canonvalles.com\/es\/wp-json\/wp\/v2\/types\/post"}],"author":[{"embeddable":true,"href":"https:\/\/www.canonvalles.com\/es\/wp-json\/wp\/v2\/users\/1"}],"replies":[{"embeddable":true,"href":"https:\/\/www.canonvalles.com\/es\/wp-json\/wp\/v2\/comments?post=2772"}],"version-history":[{"count":2,"href":"https:\/\/www.canonvalles.com\/es\/wp-json\/wp\/v2\/posts\/2772\/revisions"}],"predecessor-version":[{"id":13265,"href":"https:\/\/www.canonvalles.com\/es\/wp-json\/wp\/v2\/posts\/2772\/revisions\/13265"}],"wp:featuredmedia":[{"embeddable":true,"href":"https:\/\/www.canonvalles.com\/es\/wp-json\/wp\/v2\/media\/1816"}],"wp:attachment":[{"href":"https:\/\/www.canonvalles.com\/es\/wp-json\/wp\/v2\/media?parent=2772"}],"wp:term":[{"taxonomy":"category","embeddable":true,"href":"https:\/\/www.canonvalles.com\/es\/wp-json\/wp\/v2\/categories?post=2772"},{"taxonomy":"post_tag","embeddable":true,"href":"https:\/\/www.canonvalles.com\/es\/wp-json\/wp\/v2\/tags?post=2772"}],"curies":[{"name":"wp","href":"https:\/\/api.w.org\/{rel}","templated":true}]}}