{"id":2729,"date":"2022-08-05T07:18:04","date_gmt":"2022-08-05T05:18:04","guid":{"rendered":"https:\/\/www.canonvalles.com\/2022\/08\/05\/canon-i-sensys-una-gama-pensada-para-acelerar-la-productividad-empresarial\/"},"modified":"2025-09-30T10:23:38","modified_gmt":"2025-09-30T08:23:38","slug":"canon-i-sensys-una-gama-pensada-para-acelerar-la-productividad-empresarial","status":"publish","type":"post","link":"https:\/\/www.canonvalles.com\/es\/blog\/impresion-multifuncion-oficina\/canon-i-sensys-una-gama-pensada-para-acelerar-la-productividad-empresarial\/","title":{"rendered":"Canon i-SENSYS: una gama pensada para acelerar la productividad empresarial"},"content":{"rendered":"<p style=\"text-align: justify;\">Las pymes necesitan soluciones seguras y productivas que se adapten a su volumen de trabajo ya su presupuesto. Con ese objetivo en mente, Canon ha renovado su gama <strong>i-SENSYS<\/strong> con tres nuevos dispositivos. <\/p>\n<p style=\"text-align: justify;\">Con una nueva tecnolog\u00eda y un dise\u00f1o compacto, las impresoras reci\u00e9n llegadas incorporan las \u00faltimas funciones del mercado. La gama i-SENSYS se ha ampliado con <strong>dos dispositivos multifunci\u00f3n en color de la serie MF750 y el modelo LBP673Cdw<\/strong> , una impresora monofunci\u00f3n en color. <\/p>\n<h3 style=\"text-align: justify;\">Tres dispositivos de alto rendimiento a precios competitivos<\/h3>\n<p style=\"text-align: justify;\">Estos dispositivos est\u00e1n pensados \u200b\u200bespec\u00edficamente para <strong>usuarios de peque\u00f1as oficinas y despachos<\/strong> , un segmento que cada vez m\u00e1s apuesta por <strong>la seguridad, la productividad y la conectividad.<\/strong><\/p>\n<p style=\"text-align: justify;\">Las peque\u00f1as y medianas empresas requieren soluciones eficaces que les ayuden a mejorar su productividad sin incrementar los costes innecesariamente. \u00c9ste es un sector con exigencias muy variadas, pero con algo en com\u00fan: todas las pymes buscan rendimiento, velocidad y eficacia. <\/p>\n<p style=\"text-align: justify;\">Los nuevos modelos i-SENSYS permiten imprimir o escanear documentos r\u00e1pidamente en un espacio de trabajo compartido. Gracias a la conectividad a la nube, sencilla y listo para usar, estos dispositivos son flexibles y est\u00e1n dise\u00f1ados para el trabajo h\u00edbrido. <\/p>\n<figure id=\"attachment_10043\" aria-describedby=\"caption-attachment-10043\" style=\"width: 1024px\" class=\"wp-caption aligncenter\"><img fetchpriority=\"high\" decoding=\"async\" class=\"wp-image-10044 size-large\" src=\"https:\/\/www.canonvalles.com\/wp-content\/uploads\/2024\/06\/Canon-Serie-i-SENSYS-MF750-1024x768.jpg\" alt=\"Canon-Serie-i-SENSYS-MF750\" width=\"1024\" height=\"768\"><figcaption id=\"caption-attachment-10043\" class=\"wp-caption-text\">Canon Serie i-SENSYS MF750<\/figcaption><\/figure>\n<h3 style=\"text-align: justify;\">Caracter\u00edsticas principales de los nuevos modelos i-SENSYS<\/h3>\n<p style=\"text-align: justify;\">Con velocidades de impresi\u00f3n y escaneado superiores dentro de su gama, la serie MF750 lleva la productividad de las pymes un paso m\u00e1s all\u00e1, ya que admite una gran variedad de soportes y tama\u00f1os, como recibos y etiquetas.<\/p>\n<p style=\"text-align: justify;\"><strong>\u00c9stas son las caracter\u00edsticas m\u00e1s destacadas de la serie MF750 y la nueva LBP673Cdw:<\/strong><\/p>\n<ul style=\"text-align: justify;\">\n<li>Conectividad con Google Drive, DropBox y OneDrive<\/li>\n<li>Verificaci\u00f3n del sistema en el arranque<\/li>\n<li>Impresi\u00f3n segura cifrada<\/li>\n<li>\u00daltimo cifrado de red con TLS 1.3<\/li>\n<li>Autenticaci\u00f3n de red wifi IEEE802.1x con configuraci\u00f3n sencilla<\/li>\n<li>Compatible con Universal Print<\/li>\n<li>Funciones adicionales para la biblioteca de aplicaciones<\/li>\n<li>Velocidad de copia e impresi\u00f3n hasta 33 ppm<\/li>\n<li>Velocidad de escaneado hasta 100 ipm<\/li>\n<li>Impresi\u00f3n a doble cara en formato A5 y compatibilidad con A6<\/li>\n<\/ul>\n<figure id=\"attachment_10041\" aria-describedby=\"caption-attachment-10041\" style=\"width: 1024px\" class=\"wp-caption aligncenter\"><img decoding=\"async\" class=\"size-large wp-image-10042\" src=\"https:\/\/www.canonvalles.com\/wp-content\/uploads\/2024\/06\/Canon-i-SENSYS-LBP673Cdw-1024x768.jpg\" alt=\"Canon-i-SENSYS-LBP673Cdw\" width=\"1024\" height=\"768\"><figcaption id=\"caption-attachment-10041\" class=\"wp-caption-text\">Canon i-SENSYS LBP673Cdw<\/figcaption><\/figure>\n<p style=\"text-align: justify;\">Todo esto se suma a un dise\u00f1o m\u00e1s ligero y de menores dimensiones en los tres dispositivos.<\/p>\n<p style=\"text-align: justify;\">La sencilla configuraci\u00f3n paso a paso permite que los usuarios puedan conectar f\u00e1cilmente los equipos, sin necesidad de conocimientos inform\u00e1ticos. La conectividad de serie en la nube simplifica las tareas diarias y el trabajo h\u00edbrido, puesto que posibilita imprimir y escanear desde diferentes dispositivos. <\/p>\n<p style=\"text-align: justify;\">Todas estas ventajas se complementan con las funciones de seguridad, como la impresi\u00f3n con contrase\u00f1a o la verificaci\u00f3n de la puesta en marcha, que garantizan la protecci\u00f3n frente a ciberataques.<\/p>\n<p style=\"text-align: justify;\">La reducci\u00f3n del peso y el tama\u00f1o de los nuevos modelos de la gama i-SENSYS tiene dos objetivos. Por un lado, Canon ha tenido presente la necesidad de optimizar el espacio en las peque\u00f1as oficinas y, por otro, es una apuesta por la sostenibilidad. <\/p>\n<p style=\"text-align: justify;\">La compa\u00f1\u00eda busca soluciones para minimizar el consumo de CO\u2082 durante el transporte de dispositivos. Por este motivo, los embalajes tambi\u00e9n se han dise\u00f1ado teniendo en cuenta factores medioambientales. <\/p>\n<p style=\"text-align: justify;\"><strong>Si necesita un dispositivo de impresi\u00f3n y escaneado compacto, funcional ya un precio competitivo, los modelos renovados de la gama i-SENSYS pueden ser una muy buena opci\u00f3n. Nuestro equipo comercial te ayudar\u00e1 a elegir el modelo que mejor se adapte a tus necesidades. <\/strong><\/p>\n","protected":false},"excerpt":{"rendered":"<p>Las pymes necesitan soluciones seguras y productivas que se adapten a su volumen de trabajo ya su presupuesto. Con ese objetivo en mente, Canon ha renovado su gama i-SENSYS con tres nuevos dispositivos. Con una nueva tecnolog\u00eda y un dise\u00f1o compacto, las impresoras reci\u00e9n llegadas incorporan las \u00faltimas funciones del mercado. La gama i-SENSYS se [&hellip;]<\/p>\n","protected":false},"author":1,"featured_media":1762,"comment_status":"open","ping_status":"open","sticky":false,"template":"","format":"standard","meta":{"_acf_changed":false,"footnotes":""},"categories":[118],"tags":[],"class_list":["post-2729","post","type-post","status-publish","format-standard","has-post-thumbnail","hentry","category-impresion-multifuncion-oficina"],"acf":[],"yoast_head":"<!-- This site is optimized with the Yoast SEO plugin v27.3 - https:\/\/yoast.com\/product\/yoast-seo-wordpress\/ -->\n<title>Canon i-SENSYS: una gama pensada para las pymes<\/title>\n<meta name=\"description\" content=\"Los nuevos dispositivos de la gama i-Sensys de Canon est\u00e1n pensadas para mejorar la seguridad, la productividad y la conectividad de las pymes\" \/>\n<meta name=\"robots\" content=\"index, follow, max-snippet:-1, max-image-preview:large, max-video-preview:-1\" \/>\n<link rel=\"canonical\" href=\"https:\/\/www.canonvalles.com\/es\/blog\/impresion-multifuncion-oficina\/canon-i-sensys-una-gama-pensada-para-acelerar-la-productividad-empresarial\/\" \/>\n<meta property=\"og:locale\" content=\"es_ES\" \/>\n<meta property=\"og:type\" content=\"article\" \/>\n<meta property=\"og:title\" content=\"Canon i-SENSYS: una gama pensada para las pymes\" \/>\n<meta property=\"og:description\" content=\"Los nuevos dispositivos de la gama i-Sensys de Canon est\u00e1n pensadas para mejorar la seguridad, la productividad y la conectividad de las pymes\" \/>\n<meta property=\"og:url\" content=\"https:\/\/www.canonvalles.com\/es\/blog\/impresion-multifuncion-oficina\/canon-i-sensys-una-gama-pensada-para-acelerar-la-productividad-empresarial\/\" \/>\n<meta property=\"og:site_name\" content=\"Canon\" \/>\n<meta property=\"article:published_time\" content=\"2022-08-05T05:18:04+00:00\" \/>\n<meta property=\"article:modified_time\" content=\"2025-09-30T08:23:38+00:00\" \/>\n<meta property=\"og:image\" content=\"https:\/\/www.canonvalles.com\/wp-content\/uploads\/2024\/06\/nueva-gama-Canon-i-Sensys.jpg\" \/>\n\t<meta property=\"og:image:width\" content=\"2000\" \/>\n\t<meta property=\"og:image:height\" content=\"1125\" \/>\n\t<meta property=\"og:image:type\" content=\"image\/jpeg\" \/>\n<meta name=\"author\" content=\"admin_canon\" \/>\n<meta name=\"twitter:card\" content=\"summary_large_image\" \/>\n<meta name=\"twitter:label1\" content=\"Escrito por\" \/>\n\t<meta name=\"twitter:data1\" content=\"admin_canon\" \/>\n\t<meta name=\"twitter:label2\" content=\"Tiempo de lectura\" \/>\n\t<meta name=\"twitter:data2\" content=\"3 minutos\" \/>\n<script type=\"application\/ld+json\" class=\"yoast-schema-graph\">{\"@context\":\"https:\\\/\\\/schema.org\",\"@graph\":[{\"@type\":\"Article\",\"@id\":\"https:\\\/\\\/www.canonvalles.com\\\/es\\\/blog\\\/impresion-multifuncion-oficina\\\/canon-i-sensys-una-gama-pensada-para-acelerar-la-productividad-empresarial\\\/#article\",\"isPartOf\":{\"@id\":\"https:\\\/\\\/www.canonvalles.com\\\/es\\\/blog\\\/impresion-multifuncion-oficina\\\/canon-i-sensys-una-gama-pensada-para-acelerar-la-productividad-empresarial\\\/\"},\"author\":{\"name\":\"admin_canon\",\"@id\":\"https:\\\/\\\/www.canonvalles.com\\\/es\\\/#\\\/schema\\\/person\\\/6828da50be9127afc66e20cb19f10837\"},\"headline\":\"Canon i-SENSYS: una gama pensada para acelerar la productividad empresarial\",\"datePublished\":\"2022-08-05T05:18:04+00:00\",\"dateModified\":\"2025-09-30T08:23:38+00:00\",\"mainEntityOfPage\":{\"@id\":\"https:\\\/\\\/www.canonvalles.com\\\/es\\\/blog\\\/impresion-multifuncion-oficina\\\/canon-i-sensys-una-gama-pensada-para-acelerar-la-productividad-empresarial\\\/\"},\"wordCount\":601,\"commentCount\":0,\"publisher\":{\"@id\":\"https:\\\/\\\/www.canonvalles.com\\\/es\\\/#organization\"},\"image\":{\"@id\":\"https:\\\/\\\/www.canonvalles.com\\\/es\\\/blog\\\/impresion-multifuncion-oficina\\\/canon-i-sensys-una-gama-pensada-para-acelerar-la-productividad-empresarial\\\/#primaryimage\"},\"thumbnailUrl\":\"https:\\\/\\\/www.canonvalles.com\\\/wp-content\\\/uploads\\\/2024\\\/06\\\/nueva-gama-Canon-i-Sensys.jpg\",\"articleSection\":[\"Impresi\u00f3n multifunci\u00f3n oficina\"],\"inLanguage\":\"es\",\"potentialAction\":[{\"@type\":\"CommentAction\",\"name\":\"Comment\",\"target\":[\"https:\\\/\\\/www.canonvalles.com\\\/es\\\/blog\\\/impresion-multifuncion-oficina\\\/canon-i-sensys-una-gama-pensada-para-acelerar-la-productividad-empresarial\\\/#respond\"]}]},{\"@type\":\"WebPage\",\"@id\":\"https:\\\/\\\/www.canonvalles.com\\\/es\\\/blog\\\/impresion-multifuncion-oficina\\\/canon-i-sensys-una-gama-pensada-para-acelerar-la-productividad-empresarial\\\/\",\"url\":\"https:\\\/\\\/www.canonvalles.com\\\/es\\\/blog\\\/impresion-multifuncion-oficina\\\/canon-i-sensys-una-gama-pensada-para-acelerar-la-productividad-empresarial\\\/\",\"name\":\"Canon i-SENSYS: una gama pensada para las pymes\",\"isPartOf\":{\"@id\":\"https:\\\/\\\/www.canonvalles.com\\\/es\\\/#website\"},\"primaryImageOfPage\":{\"@id\":\"https:\\\/\\\/www.canonvalles.com\\\/es\\\/blog\\\/impresion-multifuncion-oficina\\\/canon-i-sensys-una-gama-pensada-para-acelerar-la-productividad-empresarial\\\/#primaryimage\"},\"image\":{\"@id\":\"https:\\\/\\\/www.canonvalles.com\\\/es\\\/blog\\\/impresion-multifuncion-oficina\\\/canon-i-sensys-una-gama-pensada-para-acelerar-la-productividad-empresarial\\\/#primaryimage\"},\"thumbnailUrl\":\"https:\\\/\\\/www.canonvalles.com\\\/wp-content\\\/uploads\\\/2024\\\/06\\\/nueva-gama-Canon-i-Sensys.jpg\",\"datePublished\":\"2022-08-05T05:18:04+00:00\",\"dateModified\":\"2025-09-30T08:23:38+00:00\",\"description\":\"Los nuevos dispositivos de la gama i-Sensys de Canon est\u00e1n pensadas para mejorar la seguridad, la productividad y la conectividad de las pymes\",\"breadcrumb\":{\"@id\":\"https:\\\/\\\/www.canonvalles.com\\\/es\\\/blog\\\/impresion-multifuncion-oficina\\\/canon-i-sensys-una-gama-pensada-para-acelerar-la-productividad-empresarial\\\/#breadcrumb\"},\"inLanguage\":\"es\",\"potentialAction\":[{\"@type\":\"ReadAction\",\"target\":[\"https:\\\/\\\/www.canonvalles.com\\\/es\\\/blog\\\/impresion-multifuncion-oficina\\\/canon-i-sensys-una-gama-pensada-para-acelerar-la-productividad-empresarial\\\/\"]}]},{\"@type\":\"ImageObject\",\"inLanguage\":\"es\",\"@id\":\"https:\\\/\\\/www.canonvalles.com\\\/es\\\/blog\\\/impresion-multifuncion-oficina\\\/canon-i-sensys-una-gama-pensada-para-acelerar-la-productividad-empresarial\\\/#primaryimage\",\"url\":\"https:\\\/\\\/www.canonvalles.com\\\/wp-content\\\/uploads\\\/2024\\\/06\\\/nueva-gama-Canon-i-Sensys.jpg\",\"contentUrl\":\"https:\\\/\\\/www.canonvalles.com\\\/wp-content\\\/uploads\\\/2024\\\/06\\\/nueva-gama-Canon-i-Sensys.jpg\",\"width\":2000,\"height\":1125,\"caption\":\"Nueva gama i-Sensys para acelerar la productividad de las pymes\"},{\"@type\":\"BreadcrumbList\",\"@id\":\"https:\\\/\\\/www.canonvalles.com\\\/es\\\/blog\\\/impresion-multifuncion-oficina\\\/canon-i-sensys-una-gama-pensada-para-acelerar-la-productividad-empresarial\\\/#breadcrumb\",\"itemListElement\":[{\"@type\":\"ListItem\",\"position\":1,\"name\":\"Home\",\"item\":\"https:\\\/\\\/www.canonvalles.com\\\/es\\\/inicio\\\/\"},{\"@type\":\"ListItem\",\"position\":2,\"name\":\"Canon i-SENSYS: una gama pensada para acelerar la productividad empresarial\"}]},{\"@type\":\"WebSite\",\"@id\":\"https:\\\/\\\/www.canonvalles.com\\\/es\\\/#website\",\"url\":\"https:\\\/\\\/www.canonvalles.com\\\/es\\\/\",\"name\":\"Canon\",\"description\":\"Valles\",\"publisher\":{\"@id\":\"https:\\\/\\\/www.canonvalles.com\\\/es\\\/#organization\"},\"potentialAction\":[{\"@type\":\"SearchAction\",\"target\":{\"@type\":\"EntryPoint\",\"urlTemplate\":\"https:\\\/\\\/www.canonvalles.com\\\/es\\\/?s={search_term_string}\"},\"query-input\":{\"@type\":\"PropertyValueSpecification\",\"valueRequired\":true,\"valueName\":\"search_term_string\"}}],\"inLanguage\":\"es\"},{\"@type\":\"Organization\",\"@id\":\"https:\\\/\\\/www.canonvalles.com\\\/es\\\/#organization\",\"name\":\"Canon\",\"url\":\"https:\\\/\\\/www.canonvalles.com\\\/es\\\/\",\"logo\":{\"@type\":\"ImageObject\",\"inLanguage\":\"es\",\"@id\":\"https:\\\/\\\/www.canonvalles.com\\\/es\\\/#\\\/schema\\\/logo\\\/image\\\/\",\"url\":\"https:\\\/\\\/www.canonvalles.com\\\/wp-content\\\/uploads\\\/2023\\\/09\\\/logo_canon.svg\",\"contentUrl\":\"https:\\\/\\\/www.canonvalles.com\\\/wp-content\\\/uploads\\\/2023\\\/09\\\/logo_canon.svg\",\"width\":175,\"height\":94,\"caption\":\"Canon\"},\"image\":{\"@id\":\"https:\\\/\\\/www.canonvalles.com\\\/es\\\/#\\\/schema\\\/logo\\\/image\\\/\"}},{\"@type\":\"Person\",\"@id\":\"https:\\\/\\\/www.canonvalles.com\\\/es\\\/#\\\/schema\\\/person\\\/6828da50be9127afc66e20cb19f10837\",\"name\":\"admin_canon\",\"image\":{\"@type\":\"ImageObject\",\"inLanguage\":\"es\",\"@id\":\"https:\\\/\\\/secure.gravatar.com\\\/avatar\\\/93d26027a4e4c0079fea9b904488089c6fd96094432069592a07745aba74b563?s=96&d=mm&r=g\",\"url\":\"https:\\\/\\\/secure.gravatar.com\\\/avatar\\\/93d26027a4e4c0079fea9b904488089c6fd96094432069592a07745aba74b563?s=96&d=mm&r=g\",\"contentUrl\":\"https:\\\/\\\/secure.gravatar.com\\\/avatar\\\/93d26027a4e4c0079fea9b904488089c6fd96094432069592a07745aba74b563?s=96&d=mm&r=g\",\"caption\":\"admin_canon\"},\"sameAs\":[\"https:\\\/\\\/www.canonvalles.com\"],\"url\":\"https:\\\/\\\/www.canonvalles.com\\\/es\\\/author\\\/admin_canon\\\/\"}]}<\/script>\n<!-- \/ Yoast SEO plugin. -->","yoast_head_json":{"title":"Canon i-SENSYS: una gama pensada para las pymes","description":"Los nuevos dispositivos de la gama i-Sensys de Canon est\u00e1n pensadas para mejorar la seguridad, la productividad y la conectividad de las pymes","robots":{"index":"index","follow":"follow","max-snippet":"max-snippet:-1","max-image-preview":"max-image-preview:large","max-video-preview":"max-video-preview:-1"},"canonical":"https:\/\/www.canonvalles.com\/es\/blog\/impresion-multifuncion-oficina\/canon-i-sensys-una-gama-pensada-para-acelerar-la-productividad-empresarial\/","og_locale":"es_ES","og_type":"article","og_title":"Canon i-SENSYS: una gama pensada para las pymes","og_description":"Los nuevos dispositivos de la gama i-Sensys de Canon est\u00e1n pensadas para mejorar la seguridad, la productividad y la conectividad de las pymes","og_url":"https:\/\/www.canonvalles.com\/es\/blog\/impresion-multifuncion-oficina\/canon-i-sensys-una-gama-pensada-para-acelerar-la-productividad-empresarial\/","og_site_name":"Canon","article_published_time":"2022-08-05T05:18:04+00:00","article_modified_time":"2025-09-30T08:23:38+00:00","og_image":[{"width":2000,"height":1125,"url":"https:\/\/www.canonvalles.com\/wp-content\/uploads\/2024\/06\/nueva-gama-Canon-i-Sensys.jpg","type":"image\/jpeg"}],"author":"admin_canon","twitter_card":"summary_large_image","twitter_misc":{"Escrito por":"admin_canon","Tiempo de lectura":"3 minutos"},"schema":{"@context":"https:\/\/schema.org","@graph":[{"@type":"Article","@id":"https:\/\/www.canonvalles.com\/es\/blog\/impresion-multifuncion-oficina\/canon-i-sensys-una-gama-pensada-para-acelerar-la-productividad-empresarial\/#article","isPartOf":{"@id":"https:\/\/www.canonvalles.com\/es\/blog\/impresion-multifuncion-oficina\/canon-i-sensys-una-gama-pensada-para-acelerar-la-productividad-empresarial\/"},"author":{"name":"admin_canon","@id":"https:\/\/www.canonvalles.com\/es\/#\/schema\/person\/6828da50be9127afc66e20cb19f10837"},"headline":"Canon i-SENSYS: una gama pensada para acelerar la productividad empresarial","datePublished":"2022-08-05T05:18:04+00:00","dateModified":"2025-09-30T08:23:38+00:00","mainEntityOfPage":{"@id":"https:\/\/www.canonvalles.com\/es\/blog\/impresion-multifuncion-oficina\/canon-i-sensys-una-gama-pensada-para-acelerar-la-productividad-empresarial\/"},"wordCount":601,"commentCount":0,"publisher":{"@id":"https:\/\/www.canonvalles.com\/es\/#organization"},"image":{"@id":"https:\/\/www.canonvalles.com\/es\/blog\/impresion-multifuncion-oficina\/canon-i-sensys-una-gama-pensada-para-acelerar-la-productividad-empresarial\/#primaryimage"},"thumbnailUrl":"https:\/\/www.canonvalles.com\/wp-content\/uploads\/2024\/06\/nueva-gama-Canon-i-Sensys.jpg","articleSection":["Impresi\u00f3n multifunci\u00f3n oficina"],"inLanguage":"es","potentialAction":[{"@type":"CommentAction","name":"Comment","target":["https:\/\/www.canonvalles.com\/es\/blog\/impresion-multifuncion-oficina\/canon-i-sensys-una-gama-pensada-para-acelerar-la-productividad-empresarial\/#respond"]}]},{"@type":"WebPage","@id":"https:\/\/www.canonvalles.com\/es\/blog\/impresion-multifuncion-oficina\/canon-i-sensys-una-gama-pensada-para-acelerar-la-productividad-empresarial\/","url":"https:\/\/www.canonvalles.com\/es\/blog\/impresion-multifuncion-oficina\/canon-i-sensys-una-gama-pensada-para-acelerar-la-productividad-empresarial\/","name":"Canon i-SENSYS: una gama pensada para las pymes","isPartOf":{"@id":"https:\/\/www.canonvalles.com\/es\/#website"},"primaryImageOfPage":{"@id":"https:\/\/www.canonvalles.com\/es\/blog\/impresion-multifuncion-oficina\/canon-i-sensys-una-gama-pensada-para-acelerar-la-productividad-empresarial\/#primaryimage"},"image":{"@id":"https:\/\/www.canonvalles.com\/es\/blog\/impresion-multifuncion-oficina\/canon-i-sensys-una-gama-pensada-para-acelerar-la-productividad-empresarial\/#primaryimage"},"thumbnailUrl":"https:\/\/www.canonvalles.com\/wp-content\/uploads\/2024\/06\/nueva-gama-Canon-i-Sensys.jpg","datePublished":"2022-08-05T05:18:04+00:00","dateModified":"2025-09-30T08:23:38+00:00","description":"Los nuevos dispositivos de la gama i-Sensys de Canon est\u00e1n pensadas para mejorar la seguridad, la productividad y la conectividad de las pymes","breadcrumb":{"@id":"https:\/\/www.canonvalles.com\/es\/blog\/impresion-multifuncion-oficina\/canon-i-sensys-una-gama-pensada-para-acelerar-la-productividad-empresarial\/#breadcrumb"},"inLanguage":"es","potentialAction":[{"@type":"ReadAction","target":["https:\/\/www.canonvalles.com\/es\/blog\/impresion-multifuncion-oficina\/canon-i-sensys-una-gama-pensada-para-acelerar-la-productividad-empresarial\/"]}]},{"@type":"ImageObject","inLanguage":"es","@id":"https:\/\/www.canonvalles.com\/es\/blog\/impresion-multifuncion-oficina\/canon-i-sensys-una-gama-pensada-para-acelerar-la-productividad-empresarial\/#primaryimage","url":"https:\/\/www.canonvalles.com\/wp-content\/uploads\/2024\/06\/nueva-gama-Canon-i-Sensys.jpg","contentUrl":"https:\/\/www.canonvalles.com\/wp-content\/uploads\/2024\/06\/nueva-gama-Canon-i-Sensys.jpg","width":2000,"height":1125,"caption":"Nueva gama i-Sensys para acelerar la productividad de las pymes"},{"@type":"BreadcrumbList","@id":"https:\/\/www.canonvalles.com\/es\/blog\/impresion-multifuncion-oficina\/canon-i-sensys-una-gama-pensada-para-acelerar-la-productividad-empresarial\/#breadcrumb","itemListElement":[{"@type":"ListItem","position":1,"name":"Home","item":"https:\/\/www.canonvalles.com\/es\/inicio\/"},{"@type":"ListItem","position":2,"name":"Canon i-SENSYS: una gama pensada para acelerar la productividad empresarial"}]},{"@type":"WebSite","@id":"https:\/\/www.canonvalles.com\/es\/#website","url":"https:\/\/www.canonvalles.com\/es\/","name":"Canon","description":"Valles","publisher":{"@id":"https:\/\/www.canonvalles.com\/es\/#organization"},"potentialAction":[{"@type":"SearchAction","target":{"@type":"EntryPoint","urlTemplate":"https:\/\/www.canonvalles.com\/es\/?s={search_term_string}"},"query-input":{"@type":"PropertyValueSpecification","valueRequired":true,"valueName":"search_term_string"}}],"inLanguage":"es"},{"@type":"Organization","@id":"https:\/\/www.canonvalles.com\/es\/#organization","name":"Canon","url":"https:\/\/www.canonvalles.com\/es\/","logo":{"@type":"ImageObject","inLanguage":"es","@id":"https:\/\/www.canonvalles.com\/es\/#\/schema\/logo\/image\/","url":"https:\/\/www.canonvalles.com\/wp-content\/uploads\/2023\/09\/logo_canon.svg","contentUrl":"https:\/\/www.canonvalles.com\/wp-content\/uploads\/2023\/09\/logo_canon.svg","width":175,"height":94,"caption":"Canon"},"image":{"@id":"https:\/\/www.canonvalles.com\/es\/#\/schema\/logo\/image\/"}},{"@type":"Person","@id":"https:\/\/www.canonvalles.com\/es\/#\/schema\/person\/6828da50be9127afc66e20cb19f10837","name":"admin_canon","image":{"@type":"ImageObject","inLanguage":"es","@id":"https:\/\/secure.gravatar.com\/avatar\/93d26027a4e4c0079fea9b904488089c6fd96094432069592a07745aba74b563?s=96&d=mm&r=g","url":"https:\/\/secure.gravatar.com\/avatar\/93d26027a4e4c0079fea9b904488089c6fd96094432069592a07745aba74b563?s=96&d=mm&r=g","contentUrl":"https:\/\/secure.gravatar.com\/avatar\/93d26027a4e4c0079fea9b904488089c6fd96094432069592a07745aba74b563?s=96&d=mm&r=g","caption":"admin_canon"},"sameAs":["https:\/\/www.canonvalles.com"],"url":"https:\/\/www.canonvalles.com\/es\/author\/admin_canon\/"}]}},"_links":{"self":[{"href":"https:\/\/www.canonvalles.com\/es\/wp-json\/wp\/v2\/posts\/2729","targetHints":{"allow":["GET"]}}],"collection":[{"href":"https:\/\/www.canonvalles.com\/es\/wp-json\/wp\/v2\/posts"}],"about":[{"href":"https:\/\/www.canonvalles.com\/es\/wp-json\/wp\/v2\/types\/post"}],"author":[{"embeddable":true,"href":"https:\/\/www.canonvalles.com\/es\/wp-json\/wp\/v2\/users\/1"}],"replies":[{"embeddable":true,"href":"https:\/\/www.canonvalles.com\/es\/wp-json\/wp\/v2\/comments?post=2729"}],"version-history":[{"count":2,"href":"https:\/\/www.canonvalles.com\/es\/wp-json\/wp\/v2\/posts\/2729\/revisions"}],"predecessor-version":[{"id":4880,"href":"https:\/\/www.canonvalles.com\/es\/wp-json\/wp\/v2\/posts\/2729\/revisions\/4880"}],"wp:featuredmedia":[{"embeddable":true,"href":"https:\/\/www.canonvalles.com\/es\/wp-json\/wp\/v2\/media\/1762"}],"wp:attachment":[{"href":"https:\/\/www.canonvalles.com\/es\/wp-json\/wp\/v2\/media?parent=2729"}],"wp:term":[{"taxonomy":"category","embeddable":true,"href":"https:\/\/www.canonvalles.com\/es\/wp-json\/wp\/v2\/categories?post=2729"},{"taxonomy":"post_tag","embeddable":true,"href":"https:\/\/www.canonvalles.com\/es\/wp-json\/wp\/v2\/tags?post=2729"}],"curies":[{"name":"wp","href":"https:\/\/api.w.org\/{rel}","templated":true}]}}