{"id":2705,"date":"2022-03-10T16:13:55","date_gmt":"2022-03-10T14:13:55","guid":{"rendered":"https:\/\/www.canonvalles.com\/2022\/03\/10\/se-abre-la-convocatoria-para-solicitar-las-ayudas-del-kit-digital\/"},"modified":"2025-09-30T10:23:59","modified_gmt":"2025-09-30T08:23:59","slug":"se-abre-la-convocatoria-para-solicitar-las-ayudas-del-kit-digital","status":"publish","type":"post","link":"https:\/\/www.canonvalles.com\/es\/blog\/consultoria-informatica\/se-abre-la-convocatoria-para-solicitar-las-ayudas-del-kit-digital\/","title":{"rendered":"Se abre la convocatoria para solicitar las ayudas del Kit Digital"},"content":{"rendered":"<p style=\"text-align: justify;\">El pr\u00f3ximo martes <strong>15 de marzo<\/strong> se abre la primera convocatoria de las ayudas del <strong>Kit Digital<\/strong> , para la <strong>digitalizaci\u00f3n de peque\u00f1as y medianas empresas<\/strong> . Si tu empresa tiene entre 10 y 49 empleados, puedes solicitar un bono por importe m\u00e1ximo de 12.000 euros. Para las empresas de menos de 10 empleados, las solicitudes se podr\u00e1n realizar m\u00e1s adelante.  <\/p>\n<p style=\"text-align: justify;\">El Ministerio de Asuntos Econ\u00f3micos y Transformaci\u00f3n Digital ha aprobado un presupuesto de <strong>500 millones de euros<\/strong> que se repartir\u00e1n entre las solicitudes que cumplan con los requisitos.<\/p>\n<p style=\"text-align: justify;\">La cuant\u00eda de las ayudas podr\u00e1 utilizarse para implantar soluciones como <strong>la digitalizaci\u00f3n de la gesti\u00f3n documental, p\u00e1ginas web, comercio electr\u00f3nico, factura electr\u00f3nica o ciberseguridad.<\/strong><\/p>\n<p style=\"text-align: justify;\">Los tr\u00e1mites podr\u00e1n realizarse a trav\u00e9s de la sede electr\u00f3nica Red.es desde el 15 de marzo.<\/p>\n<p style=\"text-align: justify;\">No te quedes sin tu ayuda en la digitalizaci\u00f3n. Desde <strong>Canon Vall\u00e8s<\/strong> te facilitamos el proceso de solicitud de tu Kit Digital. <\/p>\n<h2 style=\"text-align: justify;\">\u00bfQu\u00e9 podemos hacer por tu empresa?<\/h2>\n<p style=\"text-align: justify;\">Te ayudamos en las gestiones para tramitar tu solicitud del Kit Digital.<br \/>\n Te asesoramos sobre las distintas opciones para tu empresa.<br \/>\n Nos ocupamos de implantar la soluci\u00f3n digitalizadora que hayas escogido.<\/p>\n<p style=\"text-align: justify;\">Date prisa. Las ayudas se adjudicar\u00e1n por orden de solicitud hasta agotar los fondos. <\/p>\n","protected":false},"excerpt":{"rendered":"<p>El pr\u00f3ximo martes 15 de marzo se abre la primera convocatoria de las ayudas del Kit Digital , para la digitalizaci\u00f3n de peque\u00f1as y medianas empresas . Si tu empresa tiene entre 10 y 49 empleados, puedes solicitar un bono por importe m\u00e1ximo de 12.000 euros. Para las empresas de menos de 10 empleados, las [&hellip;]<\/p>\n","protected":false},"author":1,"featured_media":1727,"comment_status":"open","ping_status":"open","sticky":false,"template":"","format":"standard","meta":{"_acf_changed":false,"footnotes":""},"categories":[226],"tags":[],"class_list":["post-2705","post","type-post","status-publish","format-standard","has-post-thumbnail","hentry","category-consultoria-informatica"],"acf":[],"yoast_head":"<!-- This site is optimized with the Yoast SEO plugin v27.3 - https:\/\/yoast.com\/product\/yoast-seo-wordpress\/ -->\n<title>Se abre la convocatoria para solicitar las ayudas del Kit Digital<\/title>\n<meta name=\"description\" content=\"El pr\u00f3ximo martes 15 de marzo se abre la primera convocatoria de las ayudas del Kit Digital, para la digitalizaci\u00f3n de peque\u00f1as y medianas empresas.\" \/>\n<meta name=\"robots\" content=\"index, follow, max-snippet:-1, max-image-preview:large, max-video-preview:-1\" \/>\n<link rel=\"canonical\" href=\"https:\/\/www.canonvalles.com\/es\/blog\/consultoria-informatica\/se-abre-la-convocatoria-para-solicitar-las-ayudas-del-kit-digital\/\" \/>\n<meta property=\"og:locale\" content=\"es_ES\" \/>\n<meta property=\"og:type\" content=\"article\" \/>\n<meta property=\"og:title\" content=\"Se abre la convocatoria para solicitar las ayudas del Kit Digital\" \/>\n<meta property=\"og:description\" content=\"El pr\u00f3ximo martes 15 de marzo se abre la primera convocatoria de las ayudas del Kit Digital, para la digitalizaci\u00f3n de peque\u00f1as y medianas empresas.\" \/>\n<meta property=\"og:url\" content=\"https:\/\/www.canonvalles.com\/es\/blog\/consultoria-informatica\/se-abre-la-convocatoria-para-solicitar-las-ayudas-del-kit-digital\/\" \/>\n<meta property=\"og:site_name\" content=\"Canon\" \/>\n<meta property=\"article:published_time\" content=\"2022-03-10T14:13:55+00:00\" \/>\n<meta property=\"article:modified_time\" content=\"2025-09-30T08:23:59+00:00\" \/>\n<meta property=\"og:image\" content=\"https:\/\/www.canonvalles.com\/wp-content\/uploads\/2024\/06\/ajudes-kit-digital.jpg\" \/>\n\t<meta property=\"og:image:width\" content=\"1200\" \/>\n\t<meta property=\"og:image:height\" content=\"800\" \/>\n\t<meta property=\"og:image:type\" content=\"image\/jpeg\" \/>\n<meta name=\"author\" content=\"admin_canon\" \/>\n<meta name=\"twitter:card\" content=\"summary_large_image\" \/>\n<meta name=\"twitter:label1\" content=\"Escrito por\" \/>\n\t<meta name=\"twitter:data1\" content=\"admin_canon\" \/>\n\t<meta name=\"twitter:label2\" content=\"Tiempo de lectura\" \/>\n\t<meta name=\"twitter:data2\" content=\"1 minuto\" \/>\n<script type=\"application\/ld+json\" class=\"yoast-schema-graph\">{\"@context\":\"https:\\\/\\\/schema.org\",\"@graph\":[{\"@type\":\"Article\",\"@id\":\"https:\\\/\\\/www.canonvalles.com\\\/es\\\/blog\\\/consultoria-informatica\\\/se-abre-la-convocatoria-para-solicitar-las-ayudas-del-kit-digital\\\/#article\",\"isPartOf\":{\"@id\":\"https:\\\/\\\/www.canonvalles.com\\\/es\\\/blog\\\/consultoria-informatica\\\/se-abre-la-convocatoria-para-solicitar-las-ayudas-del-kit-digital\\\/\"},\"author\":{\"name\":\"admin_canon\",\"@id\":\"https:\\\/\\\/www.canonvalles.com\\\/es\\\/#\\\/schema\\\/person\\\/6828da50be9127afc66e20cb19f10837\"},\"headline\":\"Se abre la convocatoria para solicitar las ayudas del Kit Digital\",\"datePublished\":\"2022-03-10T14:13:55+00:00\",\"dateModified\":\"2025-09-30T08:23:59+00:00\",\"mainEntityOfPage\":{\"@id\":\"https:\\\/\\\/www.canonvalles.com\\\/es\\\/blog\\\/consultoria-informatica\\\/se-abre-la-convocatoria-para-solicitar-las-ayudas-del-kit-digital\\\/\"},\"wordCount\":229,\"commentCount\":0,\"publisher\":{\"@id\":\"https:\\\/\\\/www.canonvalles.com\\\/es\\\/#organization\"},\"image\":{\"@id\":\"https:\\\/\\\/www.canonvalles.com\\\/es\\\/blog\\\/consultoria-informatica\\\/se-abre-la-convocatoria-para-solicitar-las-ayudas-del-kit-digital\\\/#primaryimage\"},\"thumbnailUrl\":\"https:\\\/\\\/www.canonvalles.com\\\/wp-content\\\/uploads\\\/2024\\\/06\\\/ajudes-kit-digital.jpg\",\"articleSection\":[\"Consultor\u00eda inform\u00e1tica\"],\"inLanguage\":\"es\",\"potentialAction\":[{\"@type\":\"CommentAction\",\"name\":\"Comment\",\"target\":[\"https:\\\/\\\/www.canonvalles.com\\\/es\\\/blog\\\/consultoria-informatica\\\/se-abre-la-convocatoria-para-solicitar-las-ayudas-del-kit-digital\\\/#respond\"]}]},{\"@type\":\"WebPage\",\"@id\":\"https:\\\/\\\/www.canonvalles.com\\\/es\\\/blog\\\/consultoria-informatica\\\/se-abre-la-convocatoria-para-solicitar-las-ayudas-del-kit-digital\\\/\",\"url\":\"https:\\\/\\\/www.canonvalles.com\\\/es\\\/blog\\\/consultoria-informatica\\\/se-abre-la-convocatoria-para-solicitar-las-ayudas-del-kit-digital\\\/\",\"name\":\"Se abre la convocatoria para solicitar las ayudas del Kit Digital\",\"isPartOf\":{\"@id\":\"https:\\\/\\\/www.canonvalles.com\\\/es\\\/#website\"},\"primaryImageOfPage\":{\"@id\":\"https:\\\/\\\/www.canonvalles.com\\\/es\\\/blog\\\/consultoria-informatica\\\/se-abre-la-convocatoria-para-solicitar-las-ayudas-del-kit-digital\\\/#primaryimage\"},\"image\":{\"@id\":\"https:\\\/\\\/www.canonvalles.com\\\/es\\\/blog\\\/consultoria-informatica\\\/se-abre-la-convocatoria-para-solicitar-las-ayudas-del-kit-digital\\\/#primaryimage\"},\"thumbnailUrl\":\"https:\\\/\\\/www.canonvalles.com\\\/wp-content\\\/uploads\\\/2024\\\/06\\\/ajudes-kit-digital.jpg\",\"datePublished\":\"2022-03-10T14:13:55+00:00\",\"dateModified\":\"2025-09-30T08:23:59+00:00\",\"description\":\"El pr\u00f3ximo martes 15 de marzo se abre la primera convocatoria de las ayudas del Kit Digital, para la digitalizaci\u00f3n de peque\u00f1as y medianas empresas.\",\"breadcrumb\":{\"@id\":\"https:\\\/\\\/www.canonvalles.com\\\/es\\\/blog\\\/consultoria-informatica\\\/se-abre-la-convocatoria-para-solicitar-las-ayudas-del-kit-digital\\\/#breadcrumb\"},\"inLanguage\":\"es\",\"potentialAction\":[{\"@type\":\"ReadAction\",\"target\":[\"https:\\\/\\\/www.canonvalles.com\\\/es\\\/blog\\\/consultoria-informatica\\\/se-abre-la-convocatoria-para-solicitar-las-ayudas-del-kit-digital\\\/\"]}]},{\"@type\":\"ImageObject\",\"inLanguage\":\"es\",\"@id\":\"https:\\\/\\\/www.canonvalles.com\\\/es\\\/blog\\\/consultoria-informatica\\\/se-abre-la-convocatoria-para-solicitar-las-ayudas-del-kit-digital\\\/#primaryimage\",\"url\":\"https:\\\/\\\/www.canonvalles.com\\\/wp-content\\\/uploads\\\/2024\\\/06\\\/ajudes-kit-digital.jpg\",\"contentUrl\":\"https:\\\/\\\/www.canonvalles.com\\\/wp-content\\\/uploads\\\/2024\\\/06\\\/ajudes-kit-digital.jpg\",\"width\":1200,\"height\":800,\"caption\":\"S'obre la convocat\u00f2ria per sol\u00b7licitar les ajudes del Kit Digital\"},{\"@type\":\"BreadcrumbList\",\"@id\":\"https:\\\/\\\/www.canonvalles.com\\\/es\\\/blog\\\/consultoria-informatica\\\/se-abre-la-convocatoria-para-solicitar-las-ayudas-del-kit-digital\\\/#breadcrumb\",\"itemListElement\":[{\"@type\":\"ListItem\",\"position\":1,\"name\":\"Home\",\"item\":\"https:\\\/\\\/www.canonvalles.com\\\/es\\\/inicio\\\/\"},{\"@type\":\"ListItem\",\"position\":2,\"name\":\"Se abre la convocatoria para solicitar las ayudas del Kit Digital\"}]},{\"@type\":\"WebSite\",\"@id\":\"https:\\\/\\\/www.canonvalles.com\\\/es\\\/#website\",\"url\":\"https:\\\/\\\/www.canonvalles.com\\\/es\\\/\",\"name\":\"Canon\",\"description\":\"Valles\",\"publisher\":{\"@id\":\"https:\\\/\\\/www.canonvalles.com\\\/es\\\/#organization\"},\"potentialAction\":[{\"@type\":\"SearchAction\",\"target\":{\"@type\":\"EntryPoint\",\"urlTemplate\":\"https:\\\/\\\/www.canonvalles.com\\\/es\\\/?s={search_term_string}\"},\"query-input\":{\"@type\":\"PropertyValueSpecification\",\"valueRequired\":true,\"valueName\":\"search_term_string\"}}],\"inLanguage\":\"es\"},{\"@type\":\"Organization\",\"@id\":\"https:\\\/\\\/www.canonvalles.com\\\/es\\\/#organization\",\"name\":\"Canon\",\"url\":\"https:\\\/\\\/www.canonvalles.com\\\/es\\\/\",\"logo\":{\"@type\":\"ImageObject\",\"inLanguage\":\"es\",\"@id\":\"https:\\\/\\\/www.canonvalles.com\\\/es\\\/#\\\/schema\\\/logo\\\/image\\\/\",\"url\":\"https:\\\/\\\/www.canonvalles.com\\\/wp-content\\\/uploads\\\/2023\\\/09\\\/logo_canon.svg\",\"contentUrl\":\"https:\\\/\\\/www.canonvalles.com\\\/wp-content\\\/uploads\\\/2023\\\/09\\\/logo_canon.svg\",\"width\":175,\"height\":94,\"caption\":\"Canon\"},\"image\":{\"@id\":\"https:\\\/\\\/www.canonvalles.com\\\/es\\\/#\\\/schema\\\/logo\\\/image\\\/\"}},{\"@type\":\"Person\",\"@id\":\"https:\\\/\\\/www.canonvalles.com\\\/es\\\/#\\\/schema\\\/person\\\/6828da50be9127afc66e20cb19f10837\",\"name\":\"admin_canon\",\"image\":{\"@type\":\"ImageObject\",\"inLanguage\":\"es\",\"@id\":\"https:\\\/\\\/secure.gravatar.com\\\/avatar\\\/93d26027a4e4c0079fea9b904488089c6fd96094432069592a07745aba74b563?s=96&d=mm&r=g\",\"url\":\"https:\\\/\\\/secure.gravatar.com\\\/avatar\\\/93d26027a4e4c0079fea9b904488089c6fd96094432069592a07745aba74b563?s=96&d=mm&r=g\",\"contentUrl\":\"https:\\\/\\\/secure.gravatar.com\\\/avatar\\\/93d26027a4e4c0079fea9b904488089c6fd96094432069592a07745aba74b563?s=96&d=mm&r=g\",\"caption\":\"admin_canon\"},\"sameAs\":[\"https:\\\/\\\/www.canonvalles.com\"],\"url\":\"https:\\\/\\\/www.canonvalles.com\\\/es\\\/author\\\/admin_canon\\\/\"}]}<\/script>\n<!-- \/ Yoast SEO plugin. -->","yoast_head_json":{"title":"Se abre la convocatoria para solicitar las ayudas del Kit Digital","description":"El pr\u00f3ximo martes 15 de marzo se abre la primera convocatoria de las ayudas del Kit Digital, para la digitalizaci\u00f3n de peque\u00f1as y medianas empresas.","robots":{"index":"index","follow":"follow","max-snippet":"max-snippet:-1","max-image-preview":"max-image-preview:large","max-video-preview":"max-video-preview:-1"},"canonical":"https:\/\/www.canonvalles.com\/es\/blog\/consultoria-informatica\/se-abre-la-convocatoria-para-solicitar-las-ayudas-del-kit-digital\/","og_locale":"es_ES","og_type":"article","og_title":"Se abre la convocatoria para solicitar las ayudas del Kit Digital","og_description":"El pr\u00f3ximo martes 15 de marzo se abre la primera convocatoria de las ayudas del Kit Digital, para la digitalizaci\u00f3n de peque\u00f1as y medianas empresas.","og_url":"https:\/\/www.canonvalles.com\/es\/blog\/consultoria-informatica\/se-abre-la-convocatoria-para-solicitar-las-ayudas-del-kit-digital\/","og_site_name":"Canon","article_published_time":"2022-03-10T14:13:55+00:00","article_modified_time":"2025-09-30T08:23:59+00:00","og_image":[{"width":1200,"height":800,"url":"https:\/\/www.canonvalles.com\/wp-content\/uploads\/2024\/06\/ajudes-kit-digital.jpg","type":"image\/jpeg"}],"author":"admin_canon","twitter_card":"summary_large_image","twitter_misc":{"Escrito por":"admin_canon","Tiempo de lectura":"1 minuto"},"schema":{"@context":"https:\/\/schema.org","@graph":[{"@type":"Article","@id":"https:\/\/www.canonvalles.com\/es\/blog\/consultoria-informatica\/se-abre-la-convocatoria-para-solicitar-las-ayudas-del-kit-digital\/#article","isPartOf":{"@id":"https:\/\/www.canonvalles.com\/es\/blog\/consultoria-informatica\/se-abre-la-convocatoria-para-solicitar-las-ayudas-del-kit-digital\/"},"author":{"name":"admin_canon","@id":"https:\/\/www.canonvalles.com\/es\/#\/schema\/person\/6828da50be9127afc66e20cb19f10837"},"headline":"Se abre la convocatoria para solicitar las ayudas del Kit Digital","datePublished":"2022-03-10T14:13:55+00:00","dateModified":"2025-09-30T08:23:59+00:00","mainEntityOfPage":{"@id":"https:\/\/www.canonvalles.com\/es\/blog\/consultoria-informatica\/se-abre-la-convocatoria-para-solicitar-las-ayudas-del-kit-digital\/"},"wordCount":229,"commentCount":0,"publisher":{"@id":"https:\/\/www.canonvalles.com\/es\/#organization"},"image":{"@id":"https:\/\/www.canonvalles.com\/es\/blog\/consultoria-informatica\/se-abre-la-convocatoria-para-solicitar-las-ayudas-del-kit-digital\/#primaryimage"},"thumbnailUrl":"https:\/\/www.canonvalles.com\/wp-content\/uploads\/2024\/06\/ajudes-kit-digital.jpg","articleSection":["Consultor\u00eda inform\u00e1tica"],"inLanguage":"es","potentialAction":[{"@type":"CommentAction","name":"Comment","target":["https:\/\/www.canonvalles.com\/es\/blog\/consultoria-informatica\/se-abre-la-convocatoria-para-solicitar-las-ayudas-del-kit-digital\/#respond"]}]},{"@type":"WebPage","@id":"https:\/\/www.canonvalles.com\/es\/blog\/consultoria-informatica\/se-abre-la-convocatoria-para-solicitar-las-ayudas-del-kit-digital\/","url":"https:\/\/www.canonvalles.com\/es\/blog\/consultoria-informatica\/se-abre-la-convocatoria-para-solicitar-las-ayudas-del-kit-digital\/","name":"Se abre la convocatoria para solicitar las ayudas del Kit Digital","isPartOf":{"@id":"https:\/\/www.canonvalles.com\/es\/#website"},"primaryImageOfPage":{"@id":"https:\/\/www.canonvalles.com\/es\/blog\/consultoria-informatica\/se-abre-la-convocatoria-para-solicitar-las-ayudas-del-kit-digital\/#primaryimage"},"image":{"@id":"https:\/\/www.canonvalles.com\/es\/blog\/consultoria-informatica\/se-abre-la-convocatoria-para-solicitar-las-ayudas-del-kit-digital\/#primaryimage"},"thumbnailUrl":"https:\/\/www.canonvalles.com\/wp-content\/uploads\/2024\/06\/ajudes-kit-digital.jpg","datePublished":"2022-03-10T14:13:55+00:00","dateModified":"2025-09-30T08:23:59+00:00","description":"El pr\u00f3ximo martes 15 de marzo se abre la primera convocatoria de las ayudas del Kit Digital, para la digitalizaci\u00f3n de peque\u00f1as y medianas empresas.","breadcrumb":{"@id":"https:\/\/www.canonvalles.com\/es\/blog\/consultoria-informatica\/se-abre-la-convocatoria-para-solicitar-las-ayudas-del-kit-digital\/#breadcrumb"},"inLanguage":"es","potentialAction":[{"@type":"ReadAction","target":["https:\/\/www.canonvalles.com\/es\/blog\/consultoria-informatica\/se-abre-la-convocatoria-para-solicitar-las-ayudas-del-kit-digital\/"]}]},{"@type":"ImageObject","inLanguage":"es","@id":"https:\/\/www.canonvalles.com\/es\/blog\/consultoria-informatica\/se-abre-la-convocatoria-para-solicitar-las-ayudas-del-kit-digital\/#primaryimage","url":"https:\/\/www.canonvalles.com\/wp-content\/uploads\/2024\/06\/ajudes-kit-digital.jpg","contentUrl":"https:\/\/www.canonvalles.com\/wp-content\/uploads\/2024\/06\/ajudes-kit-digital.jpg","width":1200,"height":800,"caption":"S'obre la convocat\u00f2ria per sol\u00b7licitar les ajudes del Kit Digital"},{"@type":"BreadcrumbList","@id":"https:\/\/www.canonvalles.com\/es\/blog\/consultoria-informatica\/se-abre-la-convocatoria-para-solicitar-las-ayudas-del-kit-digital\/#breadcrumb","itemListElement":[{"@type":"ListItem","position":1,"name":"Home","item":"https:\/\/www.canonvalles.com\/es\/inicio\/"},{"@type":"ListItem","position":2,"name":"Se abre la convocatoria para solicitar las ayudas del Kit Digital"}]},{"@type":"WebSite","@id":"https:\/\/www.canonvalles.com\/es\/#website","url":"https:\/\/www.canonvalles.com\/es\/","name":"Canon","description":"Valles","publisher":{"@id":"https:\/\/www.canonvalles.com\/es\/#organization"},"potentialAction":[{"@type":"SearchAction","target":{"@type":"EntryPoint","urlTemplate":"https:\/\/www.canonvalles.com\/es\/?s={search_term_string}"},"query-input":{"@type":"PropertyValueSpecification","valueRequired":true,"valueName":"search_term_string"}}],"inLanguage":"es"},{"@type":"Organization","@id":"https:\/\/www.canonvalles.com\/es\/#organization","name":"Canon","url":"https:\/\/www.canonvalles.com\/es\/","logo":{"@type":"ImageObject","inLanguage":"es","@id":"https:\/\/www.canonvalles.com\/es\/#\/schema\/logo\/image\/","url":"https:\/\/www.canonvalles.com\/wp-content\/uploads\/2023\/09\/logo_canon.svg","contentUrl":"https:\/\/www.canonvalles.com\/wp-content\/uploads\/2023\/09\/logo_canon.svg","width":175,"height":94,"caption":"Canon"},"image":{"@id":"https:\/\/www.canonvalles.com\/es\/#\/schema\/logo\/image\/"}},{"@type":"Person","@id":"https:\/\/www.canonvalles.com\/es\/#\/schema\/person\/6828da50be9127afc66e20cb19f10837","name":"admin_canon","image":{"@type":"ImageObject","inLanguage":"es","@id":"https:\/\/secure.gravatar.com\/avatar\/93d26027a4e4c0079fea9b904488089c6fd96094432069592a07745aba74b563?s=96&d=mm&r=g","url":"https:\/\/secure.gravatar.com\/avatar\/93d26027a4e4c0079fea9b904488089c6fd96094432069592a07745aba74b563?s=96&d=mm&r=g","contentUrl":"https:\/\/secure.gravatar.com\/avatar\/93d26027a4e4c0079fea9b904488089c6fd96094432069592a07745aba74b563?s=96&d=mm&r=g","caption":"admin_canon"},"sameAs":["https:\/\/www.canonvalles.com"],"url":"https:\/\/www.canonvalles.com\/es\/author\/admin_canon\/"}]}},"_links":{"self":[{"href":"https:\/\/www.canonvalles.com\/es\/wp-json\/wp\/v2\/posts\/2705","targetHints":{"allow":["GET"]}}],"collection":[{"href":"https:\/\/www.canonvalles.com\/es\/wp-json\/wp\/v2\/posts"}],"about":[{"href":"https:\/\/www.canonvalles.com\/es\/wp-json\/wp\/v2\/types\/post"}],"author":[{"embeddable":true,"href":"https:\/\/www.canonvalles.com\/es\/wp-json\/wp\/v2\/users\/1"}],"replies":[{"embeddable":true,"href":"https:\/\/www.canonvalles.com\/es\/wp-json\/wp\/v2\/comments?post=2705"}],"version-history":[{"count":1,"href":"https:\/\/www.canonvalles.com\/es\/wp-json\/wp\/v2\/posts\/2705\/revisions"}],"predecessor-version":[{"id":4953,"href":"https:\/\/www.canonvalles.com\/es\/wp-json\/wp\/v2\/posts\/2705\/revisions\/4953"}],"wp:featuredmedia":[{"embeddable":true,"href":"https:\/\/www.canonvalles.com\/es\/wp-json\/wp\/v2\/media\/1727"}],"wp:attachment":[{"href":"https:\/\/www.canonvalles.com\/es\/wp-json\/wp\/v2\/media?parent=2705"}],"wp:term":[{"taxonomy":"category","embeddable":true,"href":"https:\/\/www.canonvalles.com\/es\/wp-json\/wp\/v2\/categories?post=2705"},{"taxonomy":"post_tag","embeddable":true,"href":"https:\/\/www.canonvalles.com\/es\/wp-json\/wp\/v2\/tags?post=2705"}],"curies":[{"name":"wp","href":"https:\/\/api.w.org\/{rel}","templated":true}]}}