{"id":2691,"date":"2022-02-08T11:17:48","date_gmt":"2022-02-08T09:17:48","guid":{"rendered":"https:\/\/www.canonvalles.com\/2022\/02\/08\/el-reto-de-la-transformacion-digital\/"},"modified":"2025-09-30T10:24:14","modified_gmt":"2025-09-30T08:24:14","slug":"el-reto-de-la-transformacion-digital","status":"publish","type":"post","link":"https:\/\/www.canonvalles.com\/es\/blog\/consultoria-informatica\/el-reto-de-la-transformacion-digital\/","title":{"rendered":"El reto de la transformaci\u00f3n digital"},"content":{"rendered":"<p style=\"text-align: justify;\">En los \u00faltimos tiempos se habla mucho de la <strong>transformaci\u00f3n digital<\/strong> , pero \u00bfa qu\u00e9 nos referimos cuando hablamos de transformaci\u00f3n digital?<\/p>\n<p style=\"text-align: justify;\">La transformaci\u00f3n digital es la integraci\u00f3n de las nuevas tecnolog\u00edas en diferentes \u00e1reas de la empresa para <strong>automatizar procesos<\/strong> con el objetivo de <strong>mejorar la eficiencia<\/strong> . Los principales beneficios son la <strong>reducci\u00f3n de costes, el aumento de la eficiencia y de la productividad.<\/strong> <\/p>\n<p style=\"text-align: justify;\">Otra de las ventajas clave de la automatizaci\u00f3n es que se logra una clara <strong>mejora de la comunicaci\u00f3n tanto interna como externa.<\/strong> En este sentido, conviene recordar que la comunicaci\u00f3n externa no se concentra s\u00f3lo en el cliente, sino que abarca a proveedores, gestor\u00eda, administraci\u00f3n, etc.<\/p>\n<h2 style=\"text-align: justify;\">Transformaci\u00f3n digital vs. digitalizaci\u00f3n<\/h2>\n<p style=\"text-align: justify;\">Est\u00e1n relacionadas, pero transformaci\u00f3n digital y digitalizaci\u00f3n no son lo mismo. La <strong>digitalizaci\u00f3n<\/strong> es un proceso que forma parte de un concepto mucho m\u00e1s amplio y global que es la transformaci\u00f3n digital. De hecho, posiblemente la digitalizaci\u00f3n sea el primer paso hacia una transformaci\u00f3n integral.  <\/p>\n<p style=\"text-align: justify;\">No debemos ver la transformaci\u00f3n digital como un cambio radical y muy costoso, ni en el \u00e1mbito econ\u00f3mico ni de forma de trabajar. Los objetivos que debemos perseguir con la transformaci\u00f3n digital son <strong>mejorar la eficiencia de forma gradual y aumentar el rendimiento<\/strong> d\u00eda a d\u00eda con la ayuda de las nuevas tecnolog\u00edas. <\/p>\n<p style=\"text-align: justify;\">Este no es un proceso que se complete de la noche a la ma\u00f1ana. No se trata de comprar software e instalarlo. Tampoco se trata de realizar digitalmente las mismas tareas que se hac\u00edan anal\u00f3gicamente, sino que puede implicar la creaci\u00f3n de procesos nuevos y diferentes.  <\/p>\n<h2 style=\"text-align: justify;\">Errores habituales al abordar la transformaci\u00f3n digital<\/h2>\n<p style=\"text-align: justify;\">La verdadera transformaci\u00f3n digital implica cambios culturales y tecnol\u00f3gicos en la forma de trabajar. Por tanto, debemos contemplarla como un viaje y no como un destino. <\/p>\n<p style=\"text-align: justify;\">Uno de los errores que cometen algunas empresas en este proceso, y que es uno de los factores que conduce al fracaso, es intentar una digitalizaci\u00f3n integral lo m\u00e1s r\u00e1pido posible.<\/p>\n<p style=\"text-align: justify;\">La realidad, sin embargo, es que la mayor\u00eda de empresas deben trabajar en <strong>entornos h\u00edbridos<\/strong> donde son necesarios <strong>procesos de trabajo anal\u00f3gicos y digitales<\/strong> . El objetivo en este sentido debe ser actualizar paulatinamente los procesos clave aprovechando las oportunidades de mejora de la eficiencia a trav\u00e9s de la automatizaci\u00f3n. Los flujos de trabajo no digitales deben conservarse y mejorarse para optimizarlos m\u00e1s adelante.  <\/p>\n<p style=\"text-align: justify;\">Para construir un paquete de soluciones que satisfaga las necesidades de un entorno h\u00edbrido durante el viaje de transformaci\u00f3n digital, es necesario combinar procesos manuales, digitales y automatizados. Debe conseguirse que los flujos de trabajo sigan siendo eficaces hoy al tiempo que se asientan las bases para aumentar la digitalizaci\u00f3n. <\/p>\n<p style=\"text-align: justify;\">Otros factores que pueden llevar al fracaso en un proceso de transformaci\u00f3n digital est\u00e1 relacionado con el personal de la propia empresa. O dicho a la inversa, <strong>la implicaci\u00f3n del capital humano es clave para el \u00e9xito.<\/strong> <\/p>\n<p style=\"text-align: justify;\">Esta implicaci\u00f3n se logra manteniendo informadas e involucradas a las personas. No se trata de imponer una nueva forma de trabajar, sino de solicitar su participaci\u00f3n y colaboraci\u00f3n. En ese sentido, la formaci\u00f3n es un elemento fundamental para desarrollar una filosof\u00eda colaborativa.  <\/p>\n<p style=\"text-align: justify;\">En definitiva, la transformaci\u00f3n digital debe servir para mejorar tanto la forma de trabajar como la experiencia del cliente. \u00c9sta es una gran oportunidad para ganar competitividad. <\/p>\n<p style=\"text-align: justify;\">Con m\u00e1s de cuarenta a\u00f1os de experiencia en la gesti\u00f3n del documento, en <strong>Canon Vall\u00e8s<\/strong> queremos ser tu socio tecnol\u00f3gico. Te acompa\u00f1amos en la automatizaci\u00f3n de procesos y en todo lo relacionado con la transformaci\u00f3n digital. <\/p>\n","protected":false},"excerpt":{"rendered":"<p>En los \u00faltimos tiempos se habla mucho de la transformaci\u00f3n digital , pero \u00bfa qu\u00e9 nos referimos cuando hablamos de transformaci\u00f3n digital? La transformaci\u00f3n digital es la integraci\u00f3n de las nuevas tecnolog\u00edas en diferentes \u00e1reas de la empresa para automatizar procesos con el objetivo de mejorar la eficiencia . Los principales beneficios son la reducci\u00f3n [&hellip;]<\/p>\n","protected":false},"author":1,"featured_media":1708,"comment_status":"open","ping_status":"open","sticky":false,"template":"","format":"standard","meta":{"_acf_changed":false,"footnotes":""},"categories":[226],"tags":[],"class_list":["post-2691","post","type-post","status-publish","format-standard","has-post-thumbnail","hentry","category-consultoria-informatica"],"acf":[],"yoast_head":"<!-- This site is optimized with the Yoast SEO plugin v27.3 - https:\/\/yoast.com\/product\/yoast-seo-wordpress\/ -->\n<title>El reto de la transformaci\u00f3n digital | Canon<\/title>\n<meta name=\"description\" content=\"La transformaci\u00f3n digital es la integraci\u00f3n de las nuevas tecnolog\u00edas en distintas \u00e1reas de la empresa para automatizar procesos con el objetivo de mejorar la eficiencia.\" \/>\n<meta name=\"robots\" content=\"index, follow, max-snippet:-1, max-image-preview:large, max-video-preview:-1\" \/>\n<link rel=\"canonical\" href=\"https:\/\/www.canonvalles.com\/es\/blog\/consultoria-informatica\/el-reto-de-la-transformacion-digital\/\" \/>\n<meta property=\"og:locale\" content=\"es_ES\" \/>\n<meta property=\"og:type\" content=\"article\" \/>\n<meta property=\"og:title\" content=\"El reto de la transformaci\u00f3n digital | Canon\" \/>\n<meta property=\"og:description\" content=\"La transformaci\u00f3n digital es la integraci\u00f3n de las nuevas tecnolog\u00edas en distintas \u00e1reas de la empresa para automatizar procesos con el objetivo de mejorar la eficiencia.\" \/>\n<meta property=\"og:url\" content=\"https:\/\/www.canonvalles.com\/es\/blog\/consultoria-informatica\/el-reto-de-la-transformacion-digital\/\" \/>\n<meta property=\"og:site_name\" content=\"Canon\" \/>\n<meta property=\"article:published_time\" content=\"2022-02-08T09:17:48+00:00\" \/>\n<meta property=\"article:modified_time\" content=\"2025-09-30T08:24:14+00:00\" \/>\n<meta property=\"og:image\" content=\"https:\/\/www.canonvalles.com\/wp-content\/uploads\/2024\/06\/transformacion-digital-con-exito.jpg\" \/>\n\t<meta property=\"og:image:width\" content=\"1200\" \/>\n\t<meta property=\"og:image:height\" content=\"800\" \/>\n\t<meta property=\"og:image:type\" content=\"image\/jpeg\" \/>\n<meta name=\"author\" content=\"admin_canon\" \/>\n<meta name=\"twitter:card\" content=\"summary_large_image\" \/>\n<meta name=\"twitter:label1\" content=\"Escrito por\" \/>\n\t<meta name=\"twitter:data1\" content=\"admin_canon\" \/>\n\t<meta name=\"twitter:label2\" content=\"Tiempo de lectura\" \/>\n\t<meta name=\"twitter:data2\" content=\"3 minutos\" \/>\n<script type=\"application\/ld+json\" class=\"yoast-schema-graph\">{\"@context\":\"https:\\\/\\\/schema.org\",\"@graph\":[{\"@type\":\"Article\",\"@id\":\"https:\\\/\\\/www.canonvalles.com\\\/es\\\/blog\\\/consultoria-informatica\\\/el-reto-de-la-transformacion-digital\\\/#article\",\"isPartOf\":{\"@id\":\"https:\\\/\\\/www.canonvalles.com\\\/es\\\/blog\\\/consultoria-informatica\\\/el-reto-de-la-transformacion-digital\\\/\"},\"author\":{\"name\":\"admin_canon\",\"@id\":\"https:\\\/\\\/www.canonvalles.com\\\/es\\\/#\\\/schema\\\/person\\\/6828da50be9127afc66e20cb19f10837\"},\"headline\":\"El reto de la transformaci\u00f3n digital\",\"datePublished\":\"2022-02-08T09:17:48+00:00\",\"dateModified\":\"2025-09-30T08:24:14+00:00\",\"mainEntityOfPage\":{\"@id\":\"https:\\\/\\\/www.canonvalles.com\\\/es\\\/blog\\\/consultoria-informatica\\\/el-reto-de-la-transformacion-digital\\\/\"},\"wordCount\":647,\"commentCount\":0,\"publisher\":{\"@id\":\"https:\\\/\\\/www.canonvalles.com\\\/es\\\/#organization\"},\"image\":{\"@id\":\"https:\\\/\\\/www.canonvalles.com\\\/es\\\/blog\\\/consultoria-informatica\\\/el-reto-de-la-transformacion-digital\\\/#primaryimage\"},\"thumbnailUrl\":\"https:\\\/\\\/www.canonvalles.com\\\/wp-content\\\/uploads\\\/2024\\\/06\\\/transformacion-digital-con-exito.jpg\",\"articleSection\":[\"Consultor\u00eda inform\u00e1tica\"],\"inLanguage\":\"es\",\"potentialAction\":[{\"@type\":\"CommentAction\",\"name\":\"Comment\",\"target\":[\"https:\\\/\\\/www.canonvalles.com\\\/es\\\/blog\\\/consultoria-informatica\\\/el-reto-de-la-transformacion-digital\\\/#respond\"]}]},{\"@type\":\"WebPage\",\"@id\":\"https:\\\/\\\/www.canonvalles.com\\\/es\\\/blog\\\/consultoria-informatica\\\/el-reto-de-la-transformacion-digital\\\/\",\"url\":\"https:\\\/\\\/www.canonvalles.com\\\/es\\\/blog\\\/consultoria-informatica\\\/el-reto-de-la-transformacion-digital\\\/\",\"name\":\"El reto de la transformaci\u00f3n digital | Canon\",\"isPartOf\":{\"@id\":\"https:\\\/\\\/www.canonvalles.com\\\/es\\\/#website\"},\"primaryImageOfPage\":{\"@id\":\"https:\\\/\\\/www.canonvalles.com\\\/es\\\/blog\\\/consultoria-informatica\\\/el-reto-de-la-transformacion-digital\\\/#primaryimage\"},\"image\":{\"@id\":\"https:\\\/\\\/www.canonvalles.com\\\/es\\\/blog\\\/consultoria-informatica\\\/el-reto-de-la-transformacion-digital\\\/#primaryimage\"},\"thumbnailUrl\":\"https:\\\/\\\/www.canonvalles.com\\\/wp-content\\\/uploads\\\/2024\\\/06\\\/transformacion-digital-con-exito.jpg\",\"datePublished\":\"2022-02-08T09:17:48+00:00\",\"dateModified\":\"2025-09-30T08:24:14+00:00\",\"description\":\"La transformaci\u00f3n digital es la integraci\u00f3n de las nuevas tecnolog\u00edas en distintas \u00e1reas de la empresa para automatizar procesos con el objetivo de mejorar la eficiencia.\",\"breadcrumb\":{\"@id\":\"https:\\\/\\\/www.canonvalles.com\\\/es\\\/blog\\\/consultoria-informatica\\\/el-reto-de-la-transformacion-digital\\\/#breadcrumb\"},\"inLanguage\":\"es\",\"potentialAction\":[{\"@type\":\"ReadAction\",\"target\":[\"https:\\\/\\\/www.canonvalles.com\\\/es\\\/blog\\\/consultoria-informatica\\\/el-reto-de-la-transformacion-digital\\\/\"]}]},{\"@type\":\"ImageObject\",\"inLanguage\":\"es\",\"@id\":\"https:\\\/\\\/www.canonvalles.com\\\/es\\\/blog\\\/consultoria-informatica\\\/el-reto-de-la-transformacion-digital\\\/#primaryimage\",\"url\":\"https:\\\/\\\/www.canonvalles.com\\\/wp-content\\\/uploads\\\/2024\\\/06\\\/transformacion-digital-con-exito.jpg\",\"contentUrl\":\"https:\\\/\\\/www.canonvalles.com\\\/wp-content\\\/uploads\\\/2024\\\/06\\\/transformacion-digital-con-exito.jpg\",\"width\":1200,\"height\":800,\"caption\":\"Transformaci\u00f3n digital\"},{\"@type\":\"BreadcrumbList\",\"@id\":\"https:\\\/\\\/www.canonvalles.com\\\/es\\\/blog\\\/consultoria-informatica\\\/el-reto-de-la-transformacion-digital\\\/#breadcrumb\",\"itemListElement\":[{\"@type\":\"ListItem\",\"position\":1,\"name\":\"Home\",\"item\":\"https:\\\/\\\/www.canonvalles.com\\\/es\\\/inicio\\\/\"},{\"@type\":\"ListItem\",\"position\":2,\"name\":\"El reto de la transformaci\u00f3n digital\"}]},{\"@type\":\"WebSite\",\"@id\":\"https:\\\/\\\/www.canonvalles.com\\\/es\\\/#website\",\"url\":\"https:\\\/\\\/www.canonvalles.com\\\/es\\\/\",\"name\":\"Canon\",\"description\":\"Valles\",\"publisher\":{\"@id\":\"https:\\\/\\\/www.canonvalles.com\\\/es\\\/#organization\"},\"potentialAction\":[{\"@type\":\"SearchAction\",\"target\":{\"@type\":\"EntryPoint\",\"urlTemplate\":\"https:\\\/\\\/www.canonvalles.com\\\/es\\\/?s={search_term_string}\"},\"query-input\":{\"@type\":\"PropertyValueSpecification\",\"valueRequired\":true,\"valueName\":\"search_term_string\"}}],\"inLanguage\":\"es\"},{\"@type\":\"Organization\",\"@id\":\"https:\\\/\\\/www.canonvalles.com\\\/es\\\/#organization\",\"name\":\"Canon\",\"url\":\"https:\\\/\\\/www.canonvalles.com\\\/es\\\/\",\"logo\":{\"@type\":\"ImageObject\",\"inLanguage\":\"es\",\"@id\":\"https:\\\/\\\/www.canonvalles.com\\\/es\\\/#\\\/schema\\\/logo\\\/image\\\/\",\"url\":\"https:\\\/\\\/www.canonvalles.com\\\/wp-content\\\/uploads\\\/2023\\\/09\\\/logo_canon.svg\",\"contentUrl\":\"https:\\\/\\\/www.canonvalles.com\\\/wp-content\\\/uploads\\\/2023\\\/09\\\/logo_canon.svg\",\"width\":175,\"height\":94,\"caption\":\"Canon\"},\"image\":{\"@id\":\"https:\\\/\\\/www.canonvalles.com\\\/es\\\/#\\\/schema\\\/logo\\\/image\\\/\"}},{\"@type\":\"Person\",\"@id\":\"https:\\\/\\\/www.canonvalles.com\\\/es\\\/#\\\/schema\\\/person\\\/6828da50be9127afc66e20cb19f10837\",\"name\":\"admin_canon\",\"image\":{\"@type\":\"ImageObject\",\"inLanguage\":\"es\",\"@id\":\"https:\\\/\\\/secure.gravatar.com\\\/avatar\\\/93d26027a4e4c0079fea9b904488089c6fd96094432069592a07745aba74b563?s=96&d=mm&r=g\",\"url\":\"https:\\\/\\\/secure.gravatar.com\\\/avatar\\\/93d26027a4e4c0079fea9b904488089c6fd96094432069592a07745aba74b563?s=96&d=mm&r=g\",\"contentUrl\":\"https:\\\/\\\/secure.gravatar.com\\\/avatar\\\/93d26027a4e4c0079fea9b904488089c6fd96094432069592a07745aba74b563?s=96&d=mm&r=g\",\"caption\":\"admin_canon\"},\"sameAs\":[\"https:\\\/\\\/www.canonvalles.com\"],\"url\":\"https:\\\/\\\/www.canonvalles.com\\\/es\\\/author\\\/admin_canon\\\/\"}]}<\/script>\n<!-- \/ Yoast SEO plugin. -->","yoast_head_json":{"title":"El reto de la transformaci\u00f3n digital | Canon","description":"La transformaci\u00f3n digital es la integraci\u00f3n de las nuevas tecnolog\u00edas en distintas \u00e1reas de la empresa para automatizar procesos con el objetivo de mejorar la eficiencia.","robots":{"index":"index","follow":"follow","max-snippet":"max-snippet:-1","max-image-preview":"max-image-preview:large","max-video-preview":"max-video-preview:-1"},"canonical":"https:\/\/www.canonvalles.com\/es\/blog\/consultoria-informatica\/el-reto-de-la-transformacion-digital\/","og_locale":"es_ES","og_type":"article","og_title":"El reto de la transformaci\u00f3n digital | Canon","og_description":"La transformaci\u00f3n digital es la integraci\u00f3n de las nuevas tecnolog\u00edas en distintas \u00e1reas de la empresa para automatizar procesos con el objetivo de mejorar la eficiencia.","og_url":"https:\/\/www.canonvalles.com\/es\/blog\/consultoria-informatica\/el-reto-de-la-transformacion-digital\/","og_site_name":"Canon","article_published_time":"2022-02-08T09:17:48+00:00","article_modified_time":"2025-09-30T08:24:14+00:00","og_image":[{"width":1200,"height":800,"url":"https:\/\/www.canonvalles.com\/wp-content\/uploads\/2024\/06\/transformacion-digital-con-exito.jpg","type":"image\/jpeg"}],"author":"admin_canon","twitter_card":"summary_large_image","twitter_misc":{"Escrito por":"admin_canon","Tiempo de lectura":"3 minutos"},"schema":{"@context":"https:\/\/schema.org","@graph":[{"@type":"Article","@id":"https:\/\/www.canonvalles.com\/es\/blog\/consultoria-informatica\/el-reto-de-la-transformacion-digital\/#article","isPartOf":{"@id":"https:\/\/www.canonvalles.com\/es\/blog\/consultoria-informatica\/el-reto-de-la-transformacion-digital\/"},"author":{"name":"admin_canon","@id":"https:\/\/www.canonvalles.com\/es\/#\/schema\/person\/6828da50be9127afc66e20cb19f10837"},"headline":"El reto de la transformaci\u00f3n digital","datePublished":"2022-02-08T09:17:48+00:00","dateModified":"2025-09-30T08:24:14+00:00","mainEntityOfPage":{"@id":"https:\/\/www.canonvalles.com\/es\/blog\/consultoria-informatica\/el-reto-de-la-transformacion-digital\/"},"wordCount":647,"commentCount":0,"publisher":{"@id":"https:\/\/www.canonvalles.com\/es\/#organization"},"image":{"@id":"https:\/\/www.canonvalles.com\/es\/blog\/consultoria-informatica\/el-reto-de-la-transformacion-digital\/#primaryimage"},"thumbnailUrl":"https:\/\/www.canonvalles.com\/wp-content\/uploads\/2024\/06\/transformacion-digital-con-exito.jpg","articleSection":["Consultor\u00eda inform\u00e1tica"],"inLanguage":"es","potentialAction":[{"@type":"CommentAction","name":"Comment","target":["https:\/\/www.canonvalles.com\/es\/blog\/consultoria-informatica\/el-reto-de-la-transformacion-digital\/#respond"]}]},{"@type":"WebPage","@id":"https:\/\/www.canonvalles.com\/es\/blog\/consultoria-informatica\/el-reto-de-la-transformacion-digital\/","url":"https:\/\/www.canonvalles.com\/es\/blog\/consultoria-informatica\/el-reto-de-la-transformacion-digital\/","name":"El reto de la transformaci\u00f3n digital | Canon","isPartOf":{"@id":"https:\/\/www.canonvalles.com\/es\/#website"},"primaryImageOfPage":{"@id":"https:\/\/www.canonvalles.com\/es\/blog\/consultoria-informatica\/el-reto-de-la-transformacion-digital\/#primaryimage"},"image":{"@id":"https:\/\/www.canonvalles.com\/es\/blog\/consultoria-informatica\/el-reto-de-la-transformacion-digital\/#primaryimage"},"thumbnailUrl":"https:\/\/www.canonvalles.com\/wp-content\/uploads\/2024\/06\/transformacion-digital-con-exito.jpg","datePublished":"2022-02-08T09:17:48+00:00","dateModified":"2025-09-30T08:24:14+00:00","description":"La transformaci\u00f3n digital es la integraci\u00f3n de las nuevas tecnolog\u00edas en distintas \u00e1reas de la empresa para automatizar procesos con el objetivo de mejorar la eficiencia.","breadcrumb":{"@id":"https:\/\/www.canonvalles.com\/es\/blog\/consultoria-informatica\/el-reto-de-la-transformacion-digital\/#breadcrumb"},"inLanguage":"es","potentialAction":[{"@type":"ReadAction","target":["https:\/\/www.canonvalles.com\/es\/blog\/consultoria-informatica\/el-reto-de-la-transformacion-digital\/"]}]},{"@type":"ImageObject","inLanguage":"es","@id":"https:\/\/www.canonvalles.com\/es\/blog\/consultoria-informatica\/el-reto-de-la-transformacion-digital\/#primaryimage","url":"https:\/\/www.canonvalles.com\/wp-content\/uploads\/2024\/06\/transformacion-digital-con-exito.jpg","contentUrl":"https:\/\/www.canonvalles.com\/wp-content\/uploads\/2024\/06\/transformacion-digital-con-exito.jpg","width":1200,"height":800,"caption":"Transformaci\u00f3n digital"},{"@type":"BreadcrumbList","@id":"https:\/\/www.canonvalles.com\/es\/blog\/consultoria-informatica\/el-reto-de-la-transformacion-digital\/#breadcrumb","itemListElement":[{"@type":"ListItem","position":1,"name":"Home","item":"https:\/\/www.canonvalles.com\/es\/inicio\/"},{"@type":"ListItem","position":2,"name":"El reto de la transformaci\u00f3n digital"}]},{"@type":"WebSite","@id":"https:\/\/www.canonvalles.com\/es\/#website","url":"https:\/\/www.canonvalles.com\/es\/","name":"Canon","description":"Valles","publisher":{"@id":"https:\/\/www.canonvalles.com\/es\/#organization"},"potentialAction":[{"@type":"SearchAction","target":{"@type":"EntryPoint","urlTemplate":"https:\/\/www.canonvalles.com\/es\/?s={search_term_string}"},"query-input":{"@type":"PropertyValueSpecification","valueRequired":true,"valueName":"search_term_string"}}],"inLanguage":"es"},{"@type":"Organization","@id":"https:\/\/www.canonvalles.com\/es\/#organization","name":"Canon","url":"https:\/\/www.canonvalles.com\/es\/","logo":{"@type":"ImageObject","inLanguage":"es","@id":"https:\/\/www.canonvalles.com\/es\/#\/schema\/logo\/image\/","url":"https:\/\/www.canonvalles.com\/wp-content\/uploads\/2023\/09\/logo_canon.svg","contentUrl":"https:\/\/www.canonvalles.com\/wp-content\/uploads\/2023\/09\/logo_canon.svg","width":175,"height":94,"caption":"Canon"},"image":{"@id":"https:\/\/www.canonvalles.com\/es\/#\/schema\/logo\/image\/"}},{"@type":"Person","@id":"https:\/\/www.canonvalles.com\/es\/#\/schema\/person\/6828da50be9127afc66e20cb19f10837","name":"admin_canon","image":{"@type":"ImageObject","inLanguage":"es","@id":"https:\/\/secure.gravatar.com\/avatar\/93d26027a4e4c0079fea9b904488089c6fd96094432069592a07745aba74b563?s=96&d=mm&r=g","url":"https:\/\/secure.gravatar.com\/avatar\/93d26027a4e4c0079fea9b904488089c6fd96094432069592a07745aba74b563?s=96&d=mm&r=g","contentUrl":"https:\/\/secure.gravatar.com\/avatar\/93d26027a4e4c0079fea9b904488089c6fd96094432069592a07745aba74b563?s=96&d=mm&r=g","caption":"admin_canon"},"sameAs":["https:\/\/www.canonvalles.com"],"url":"https:\/\/www.canonvalles.com\/es\/author\/admin_canon\/"}]}},"_links":{"self":[{"href":"https:\/\/www.canonvalles.com\/es\/wp-json\/wp\/v2\/posts\/2691","targetHints":{"allow":["GET"]}}],"collection":[{"href":"https:\/\/www.canonvalles.com\/es\/wp-json\/wp\/v2\/posts"}],"about":[{"href":"https:\/\/www.canonvalles.com\/es\/wp-json\/wp\/v2\/types\/post"}],"author":[{"embeddable":true,"href":"https:\/\/www.canonvalles.com\/es\/wp-json\/wp\/v2\/users\/1"}],"replies":[{"embeddable":true,"href":"https:\/\/www.canonvalles.com\/es\/wp-json\/wp\/v2\/comments?post=2691"}],"version-history":[{"count":1,"href":"https:\/\/www.canonvalles.com\/es\/wp-json\/wp\/v2\/posts\/2691\/revisions"}],"predecessor-version":[{"id":4967,"href":"https:\/\/www.canonvalles.com\/es\/wp-json\/wp\/v2\/posts\/2691\/revisions\/4967"}],"wp:featuredmedia":[{"embeddable":true,"href":"https:\/\/www.canonvalles.com\/es\/wp-json\/wp\/v2\/media\/1708"}],"wp:attachment":[{"href":"https:\/\/www.canonvalles.com\/es\/wp-json\/wp\/v2\/media?parent=2691"}],"wp:term":[{"taxonomy":"category","embeddable":true,"href":"https:\/\/www.canonvalles.com\/es\/wp-json\/wp\/v2\/categories?post=2691"},{"taxonomy":"post_tag","embeddable":true,"href":"https:\/\/www.canonvalles.com\/es\/wp-json\/wp\/v2\/tags?post=2691"}],"curies":[{"name":"wp","href":"https:\/\/api.w.org\/{rel}","templated":true}]}}