{"id":2570,"date":"2020-06-29T07:35:13","date_gmt":"2020-06-29T05:35:13","guid":{"rendered":"https:\/\/www.canonvalles.com\/2020\/06\/29\/control-de-temperatura-en-empresas-y-grandes-superficies-es-legal\/"},"modified":"2025-09-30T10:25:55","modified_gmt":"2025-09-30T08:25:55","slug":"control-de-temperatura-en-empresas-y-grandes-superficies-es-legal","status":"publish","type":"post","link":"https:\/\/www.canonvalles.com\/es\/blog\/consultoria-informatica\/control-de-temperatura-en-empresas-y-grandes-superficies-es-legal\/","title":{"rendered":"Control de temperatura en empresas y grandes superficies: \u00bfes legal?"},"content":{"rendered":"<p style=\"text-align: justify;\">El desconfinamiento y la paulatina vuelta a la normalidad conllevan la aplicaci\u00f3n de ciertas <strong>medidas de protecci\u00f3n y control para prevenir rebrotes<\/strong> . Una de las medidas que m\u00e1s dudas suscita es la <strong>toma de temperatura en centros de trabajo, comercios y grandes superficies.<\/strong> <\/p>\n<p style=\"text-align: justify;\">El principal problema al que se enfrentan las empresas es la dicotom\u00eda entre los <strong>derechos individuales y el bien com\u00fan.<\/strong> Las autoridades sanitarias no han establecido todav\u00eda los criterios a seguir en este sentido, pero algunas empresas han empezado a tomar la temperatura mediante <strong>term\u00f3metro o c\u00e1maras t\u00e9rmicas.<\/strong><\/p>\n<p style=\"text-align: justify;\">El control de temperatura para determinar si una persona puede acceder a un sitio de uso p\u00fablico, ya sean instalaciones deportivas, comercios, colegios o centros de trabajo, no est\u00e1 exento de pol\u00e9mica por varios motivos.<\/p>\n<p style=\"text-align: justify;\">1. Al tratar datos personales relativos a la salud, <strong>el interesado deber\u00eda dar su consentimiento por escrito.<\/strong> Evidentemente, ser\u00eda inviable que cada persona firmara un consentimiento cada vez que vaya a trabajar o entre en un centro comercial.<\/p>\n<p style=\"text-align: justify;\">2. <strong>Denegar el acceso a un espacio porque la temperatura es superior a lo que se considera normal podr\u00eda ser otra vulneraci\u00f3n de derechos.<\/strong> A partir de una informaci\u00f3n parcial se estar\u00eda infiriendo que la persona podr\u00eda estar contagiada e, impl\u00edcitamente, este dato se estar\u00eda revelando a terceros. <strong>La denegaci\u00f3n de acceso podr\u00eda suponer una discriminaci\u00f3n.<\/strong><\/p>\n<p style=\"text-align: justify;\">3. <strong>Las autoridades sanitarias son las \u00fanicas que pueden establecer qu\u00e9 medidas de control se aplican.<\/strong> El objetivo de frenar la propagaci\u00f3n de la COVID-19 tendr\u00eda prevalencia sobre los derechos individuales, porque estamos hablando de un grave problema de salud p\u00fablica. Sin embargo, los criterios de implantaci\u00f3n regular los l\u00edmites y garantizar el tratamiento de los datos personales. <\/p>\n<p style=\"text-align: justify;\">4. Seg\u00fan lo que se conoce hasta la fecha sobre la COVID-19, existe un porcentaje de personas infectadas pero asintom\u00e1ticas. Partiendo de esa realidad, <strong>la ausencia de fiebre no ser\u00eda una garant\u00eda de no padecer la enfermedad.<\/strong> De la misma forma, es posible tener la temperatura alta por muchas otras causas. As\u00ed pues, deber\u00eda plantearse hasta qu\u00e9 punto es \u00fatil saltarse los derechos individuales y si estas medidas podr\u00edan ser sustituidas por otras igualmente eficaces pero menos intrusivas.  <\/p>\n<p style=\"text-align: justify;\">5. El criterio para <strong>determinar lo que se considera temperatura superior a la normal<\/strong> deber\u00eda establecerse de acuerdo con datos cient\u00edficos. Todos los pa\u00edses y todas las empresas deber\u00edan basarse en un criterio unificado. De lo contrario, el control se llevar\u00eda a cabo de forma heterog\u00e9nea y perder\u00eda su eficacia.  <\/p>\n<p style=\"text-align: justify;\">6. <strong>El consentimiento para la comprobaci\u00f3n de la temperatura no ser\u00eda libre<\/strong> , tal y como se indica en el RGPD (Reglamento General de Protecci\u00f3n de Datos), puesto que si la persona afectada se niega a este control perder\u00eda su derecho a entrar en medios de transporte, centros comerciales u otros.<\/p>\n<p style=\"text-align: justify;\">7. En el entorno laboral, <strong>los empresarios est\u00e1n obligados a garantizar la seguridad y la salud de los trabajadores.<\/strong> Desde este punto de vista, el control de temperatura estar\u00eda justificado siempre que se hiciera respetando ciertas garant\u00edas.<\/p>\n<p style=\"text-align: justify;\">8. <strong>Los equipos de medici\u00f3n deber\u00edan registrar \u00fanicamente los intervalos de temperatura de forma an\u00f3nima<\/strong> . De igual modo, el personal que gestione estos equipos reunir\u00e1 los requisitos legales y los conocimientos necesarios para su uso. No olvidemos que pueden producirse situaciones en las que un usuario reclame o aduzca otra causa para la presencia de fiebre.  <\/p>\n<p style=\"text-align: justify;\">En resumen, el actual escenario nos sit\u00faa ante la necesidad de reducir los riesgos de contagio sin vulnerar los derechos de las personas. Se trata de una <strong>ecuaci\u00f3n compleja<\/strong> que requerir\u00eda unas <strong>leyes que garanticen la salud p\u00fablica protegiendo al mismo tiempo derechos y libertades.<\/strong> <\/p>\n<h2>Soluciones para el control de temperatura COVID<\/h2>\n<p>En Canon Vall\u00e8s somos conscientes de la compleja situaci\u00f3n que tenemos actualmente. Por eso <strong>disponemos de una amplia gama de soluciones de control de temperatura<\/strong> que van desde los <strong>term\u00f3metros de mano<\/strong> , muy precisos y f\u00e1ciles de utilizar, hasta <strong>c\u00e1maras termogr\u00e1ficas para control del aforo en espacios.<\/strong> <\/p>\n<p>Si quieres que uno de nuestros comerciales especializados realice una valoraci\u00f3n de la casu\u00edstica de tu empresa, <a href=\"https:\/\/www.canonvalles.com\/contacte\/\"><strong>ponte en contacto con nosotros.<\/strong><\/a><\/p>\n","protected":false},"excerpt":{"rendered":"<p>El desconfinamiento y la paulatina vuelta a la normalidad conllevan la aplicaci\u00f3n de ciertas medidas de protecci\u00f3n y control para prevenir rebrotes . Una de las medidas que m\u00e1s dudas suscita es la toma de temperatura en centros de trabajo, comercios y grandes superficies. El principal problema al que se enfrentan las empresas es la [&hellip;]<\/p>\n","protected":false},"author":1,"featured_media":0,"comment_status":"open","ping_status":"open","sticky":false,"template":"","format":"standard","meta":{"_acf_changed":false,"footnotes":""},"categories":[226],"tags":[],"class_list":["post-2570","post","type-post","status-publish","format-standard","hentry","category-consultoria-informatica"],"acf":[],"yoast_head":"<!-- This site is optimized with the Yoast SEO plugin v27.3 - https:\/\/yoast.com\/product\/yoast-seo-wordpress\/ -->\n<title>\u00bfEs legal el control de temperatura en empresas y grandes superficies?<\/title>\n<meta name=\"description\" content=\"Algunas empresas est\u00e1n realizando control de temperatura a sus trabajadores como medida de prevenci\u00f3n del COVID. \u00bfEs legal hacerlo?\" \/>\n<meta name=\"robots\" content=\"index, follow, max-snippet:-1, max-image-preview:large, max-video-preview:-1\" \/>\n<link rel=\"canonical\" href=\"https:\/\/www.canonvalles.com\/es\/blog\/consultoria-informatica\/control-de-temperatura-en-empresas-y-grandes-superficies-es-legal\/\" \/>\n<meta property=\"og:locale\" content=\"es_ES\" \/>\n<meta property=\"og:type\" content=\"article\" \/>\n<meta property=\"og:title\" content=\"\u00bfEs legal el control de temperatura en empresas y grandes superficies?\" \/>\n<meta property=\"og:description\" content=\"Algunas empresas est\u00e1n realizando control de temperatura a sus trabajadores como medida de prevenci\u00f3n del COVID. \u00bfEs legal hacerlo?\" \/>\n<meta property=\"og:url\" content=\"https:\/\/www.canonvalles.com\/es\/blog\/consultoria-informatica\/control-de-temperatura-en-empresas-y-grandes-superficies-es-legal\/\" \/>\n<meta property=\"og:site_name\" content=\"Canon\" \/>\n<meta property=\"article:published_time\" content=\"2020-06-29T05:35:13+00:00\" \/>\n<meta property=\"article:modified_time\" content=\"2025-09-30T08:25:55+00:00\" \/>\n<meta name=\"author\" content=\"admin_canon\" \/>\n<meta name=\"twitter:card\" content=\"summary_large_image\" \/>\n<meta name=\"twitter:label1\" content=\"Escrito por\" \/>\n\t<meta name=\"twitter:data1\" content=\"admin_canon\" \/>\n\t<meta name=\"twitter:label2\" content=\"Tiempo de lectura\" \/>\n\t<meta name=\"twitter:data2\" content=\"4 minutos\" \/>\n<script type=\"application\/ld+json\" class=\"yoast-schema-graph\">{\"@context\":\"https:\\\/\\\/schema.org\",\"@graph\":[{\"@type\":\"Article\",\"@id\":\"https:\\\/\\\/www.canonvalles.com\\\/es\\\/blog\\\/consultoria-informatica\\\/control-de-temperatura-en-empresas-y-grandes-superficies-es-legal\\\/#article\",\"isPartOf\":{\"@id\":\"https:\\\/\\\/www.canonvalles.com\\\/es\\\/blog\\\/consultoria-informatica\\\/control-de-temperatura-en-empresas-y-grandes-superficies-es-legal\\\/\"},\"author\":{\"name\":\"admin_canon\",\"@id\":\"https:\\\/\\\/www.canonvalles.com\\\/es\\\/#\\\/schema\\\/person\\\/6828da50be9127afc66e20cb19f10837\"},\"headline\":\"Control de temperatura en empresas y grandes superficies: \u00bfes legal?\",\"datePublished\":\"2020-06-29T05:35:13+00:00\",\"dateModified\":\"2025-09-30T08:25:55+00:00\",\"mainEntityOfPage\":{\"@id\":\"https:\\\/\\\/www.canonvalles.com\\\/es\\\/blog\\\/consultoria-informatica\\\/control-de-temperatura-en-empresas-y-grandes-superficies-es-legal\\\/\"},\"wordCount\":735,\"commentCount\":0,\"publisher\":{\"@id\":\"https:\\\/\\\/www.canonvalles.com\\\/es\\\/#organization\"},\"articleSection\":[\"Consultor\u00eda inform\u00e1tica\"],\"inLanguage\":\"es\",\"potentialAction\":[{\"@type\":\"CommentAction\",\"name\":\"Comment\",\"target\":[\"https:\\\/\\\/www.canonvalles.com\\\/es\\\/blog\\\/consultoria-informatica\\\/control-de-temperatura-en-empresas-y-grandes-superficies-es-legal\\\/#respond\"]}]},{\"@type\":\"WebPage\",\"@id\":\"https:\\\/\\\/www.canonvalles.com\\\/es\\\/blog\\\/consultoria-informatica\\\/control-de-temperatura-en-empresas-y-grandes-superficies-es-legal\\\/\",\"url\":\"https:\\\/\\\/www.canonvalles.com\\\/es\\\/blog\\\/consultoria-informatica\\\/control-de-temperatura-en-empresas-y-grandes-superficies-es-legal\\\/\",\"name\":\"\u00bfEs legal el control de temperatura en empresas y grandes superficies?\",\"isPartOf\":{\"@id\":\"https:\\\/\\\/www.canonvalles.com\\\/es\\\/#website\"},\"datePublished\":\"2020-06-29T05:35:13+00:00\",\"dateModified\":\"2025-09-30T08:25:55+00:00\",\"description\":\"Algunas empresas est\u00e1n realizando control de temperatura a sus trabajadores como medida de prevenci\u00f3n del COVID. \u00bfEs legal hacerlo?\",\"breadcrumb\":{\"@id\":\"https:\\\/\\\/www.canonvalles.com\\\/es\\\/blog\\\/consultoria-informatica\\\/control-de-temperatura-en-empresas-y-grandes-superficies-es-legal\\\/#breadcrumb\"},\"inLanguage\":\"es\",\"potentialAction\":[{\"@type\":\"ReadAction\",\"target\":[\"https:\\\/\\\/www.canonvalles.com\\\/es\\\/blog\\\/consultoria-informatica\\\/control-de-temperatura-en-empresas-y-grandes-superficies-es-legal\\\/\"]}]},{\"@type\":\"BreadcrumbList\",\"@id\":\"https:\\\/\\\/www.canonvalles.com\\\/es\\\/blog\\\/consultoria-informatica\\\/control-de-temperatura-en-empresas-y-grandes-superficies-es-legal\\\/#breadcrumb\",\"itemListElement\":[{\"@type\":\"ListItem\",\"position\":1,\"name\":\"Home\",\"item\":\"https:\\\/\\\/www.canonvalles.com\\\/es\\\/inicio\\\/\"},{\"@type\":\"ListItem\",\"position\":2,\"name\":\"Control de temperatura en empresas y grandes superficies: \u00bfes legal?\"}]},{\"@type\":\"WebSite\",\"@id\":\"https:\\\/\\\/www.canonvalles.com\\\/es\\\/#website\",\"url\":\"https:\\\/\\\/www.canonvalles.com\\\/es\\\/\",\"name\":\"Canon\",\"description\":\"Valles\",\"publisher\":{\"@id\":\"https:\\\/\\\/www.canonvalles.com\\\/es\\\/#organization\"},\"potentialAction\":[{\"@type\":\"SearchAction\",\"target\":{\"@type\":\"EntryPoint\",\"urlTemplate\":\"https:\\\/\\\/www.canonvalles.com\\\/es\\\/?s={search_term_string}\"},\"query-input\":{\"@type\":\"PropertyValueSpecification\",\"valueRequired\":true,\"valueName\":\"search_term_string\"}}],\"inLanguage\":\"es\"},{\"@type\":\"Organization\",\"@id\":\"https:\\\/\\\/www.canonvalles.com\\\/es\\\/#organization\",\"name\":\"Canon\",\"url\":\"https:\\\/\\\/www.canonvalles.com\\\/es\\\/\",\"logo\":{\"@type\":\"ImageObject\",\"inLanguage\":\"es\",\"@id\":\"https:\\\/\\\/www.canonvalles.com\\\/es\\\/#\\\/schema\\\/logo\\\/image\\\/\",\"url\":\"https:\\\/\\\/www.canonvalles.com\\\/wp-content\\\/uploads\\\/2023\\\/09\\\/logo_canon.svg\",\"contentUrl\":\"https:\\\/\\\/www.canonvalles.com\\\/wp-content\\\/uploads\\\/2023\\\/09\\\/logo_canon.svg\",\"width\":175,\"height\":94,\"caption\":\"Canon\"},\"image\":{\"@id\":\"https:\\\/\\\/www.canonvalles.com\\\/es\\\/#\\\/schema\\\/logo\\\/image\\\/\"}},{\"@type\":\"Person\",\"@id\":\"https:\\\/\\\/www.canonvalles.com\\\/es\\\/#\\\/schema\\\/person\\\/6828da50be9127afc66e20cb19f10837\",\"name\":\"admin_canon\",\"image\":{\"@type\":\"ImageObject\",\"inLanguage\":\"es\",\"@id\":\"https:\\\/\\\/secure.gravatar.com\\\/avatar\\\/93d26027a4e4c0079fea9b904488089c6fd96094432069592a07745aba74b563?s=96&d=mm&r=g\",\"url\":\"https:\\\/\\\/secure.gravatar.com\\\/avatar\\\/93d26027a4e4c0079fea9b904488089c6fd96094432069592a07745aba74b563?s=96&d=mm&r=g\",\"contentUrl\":\"https:\\\/\\\/secure.gravatar.com\\\/avatar\\\/93d26027a4e4c0079fea9b904488089c6fd96094432069592a07745aba74b563?s=96&d=mm&r=g\",\"caption\":\"admin_canon\"},\"sameAs\":[\"https:\\\/\\\/www.canonvalles.com\"],\"url\":\"https:\\\/\\\/www.canonvalles.com\\\/es\\\/author\\\/admin_canon\\\/\"}]}<\/script>\n<!-- \/ Yoast SEO plugin. -->","yoast_head_json":{"title":"\u00bfEs legal el control de temperatura en empresas y grandes superficies?","description":"Algunas empresas est\u00e1n realizando control de temperatura a sus trabajadores como medida de prevenci\u00f3n del COVID. \u00bfEs legal hacerlo?","robots":{"index":"index","follow":"follow","max-snippet":"max-snippet:-1","max-image-preview":"max-image-preview:large","max-video-preview":"max-video-preview:-1"},"canonical":"https:\/\/www.canonvalles.com\/es\/blog\/consultoria-informatica\/control-de-temperatura-en-empresas-y-grandes-superficies-es-legal\/","og_locale":"es_ES","og_type":"article","og_title":"\u00bfEs legal el control de temperatura en empresas y grandes superficies?","og_description":"Algunas empresas est\u00e1n realizando control de temperatura a sus trabajadores como medida de prevenci\u00f3n del COVID. \u00bfEs legal hacerlo?","og_url":"https:\/\/www.canonvalles.com\/es\/blog\/consultoria-informatica\/control-de-temperatura-en-empresas-y-grandes-superficies-es-legal\/","og_site_name":"Canon","article_published_time":"2020-06-29T05:35:13+00:00","article_modified_time":"2025-09-30T08:25:55+00:00","author":"admin_canon","twitter_card":"summary_large_image","twitter_misc":{"Escrito por":"admin_canon","Tiempo de lectura":"4 minutos"},"schema":{"@context":"https:\/\/schema.org","@graph":[{"@type":"Article","@id":"https:\/\/www.canonvalles.com\/es\/blog\/consultoria-informatica\/control-de-temperatura-en-empresas-y-grandes-superficies-es-legal\/#article","isPartOf":{"@id":"https:\/\/www.canonvalles.com\/es\/blog\/consultoria-informatica\/control-de-temperatura-en-empresas-y-grandes-superficies-es-legal\/"},"author":{"name":"admin_canon","@id":"https:\/\/www.canonvalles.com\/es\/#\/schema\/person\/6828da50be9127afc66e20cb19f10837"},"headline":"Control de temperatura en empresas y grandes superficies: \u00bfes legal?","datePublished":"2020-06-29T05:35:13+00:00","dateModified":"2025-09-30T08:25:55+00:00","mainEntityOfPage":{"@id":"https:\/\/www.canonvalles.com\/es\/blog\/consultoria-informatica\/control-de-temperatura-en-empresas-y-grandes-superficies-es-legal\/"},"wordCount":735,"commentCount":0,"publisher":{"@id":"https:\/\/www.canonvalles.com\/es\/#organization"},"articleSection":["Consultor\u00eda inform\u00e1tica"],"inLanguage":"es","potentialAction":[{"@type":"CommentAction","name":"Comment","target":["https:\/\/www.canonvalles.com\/es\/blog\/consultoria-informatica\/control-de-temperatura-en-empresas-y-grandes-superficies-es-legal\/#respond"]}]},{"@type":"WebPage","@id":"https:\/\/www.canonvalles.com\/es\/blog\/consultoria-informatica\/control-de-temperatura-en-empresas-y-grandes-superficies-es-legal\/","url":"https:\/\/www.canonvalles.com\/es\/blog\/consultoria-informatica\/control-de-temperatura-en-empresas-y-grandes-superficies-es-legal\/","name":"\u00bfEs legal el control de temperatura en empresas y grandes superficies?","isPartOf":{"@id":"https:\/\/www.canonvalles.com\/es\/#website"},"datePublished":"2020-06-29T05:35:13+00:00","dateModified":"2025-09-30T08:25:55+00:00","description":"Algunas empresas est\u00e1n realizando control de temperatura a sus trabajadores como medida de prevenci\u00f3n del COVID. \u00bfEs legal hacerlo?","breadcrumb":{"@id":"https:\/\/www.canonvalles.com\/es\/blog\/consultoria-informatica\/control-de-temperatura-en-empresas-y-grandes-superficies-es-legal\/#breadcrumb"},"inLanguage":"es","potentialAction":[{"@type":"ReadAction","target":["https:\/\/www.canonvalles.com\/es\/blog\/consultoria-informatica\/control-de-temperatura-en-empresas-y-grandes-superficies-es-legal\/"]}]},{"@type":"BreadcrumbList","@id":"https:\/\/www.canonvalles.com\/es\/blog\/consultoria-informatica\/control-de-temperatura-en-empresas-y-grandes-superficies-es-legal\/#breadcrumb","itemListElement":[{"@type":"ListItem","position":1,"name":"Home","item":"https:\/\/www.canonvalles.com\/es\/inicio\/"},{"@type":"ListItem","position":2,"name":"Control de temperatura en empresas y grandes superficies: \u00bfes legal?"}]},{"@type":"WebSite","@id":"https:\/\/www.canonvalles.com\/es\/#website","url":"https:\/\/www.canonvalles.com\/es\/","name":"Canon","description":"Valles","publisher":{"@id":"https:\/\/www.canonvalles.com\/es\/#organization"},"potentialAction":[{"@type":"SearchAction","target":{"@type":"EntryPoint","urlTemplate":"https:\/\/www.canonvalles.com\/es\/?s={search_term_string}"},"query-input":{"@type":"PropertyValueSpecification","valueRequired":true,"valueName":"search_term_string"}}],"inLanguage":"es"},{"@type":"Organization","@id":"https:\/\/www.canonvalles.com\/es\/#organization","name":"Canon","url":"https:\/\/www.canonvalles.com\/es\/","logo":{"@type":"ImageObject","inLanguage":"es","@id":"https:\/\/www.canonvalles.com\/es\/#\/schema\/logo\/image\/","url":"https:\/\/www.canonvalles.com\/wp-content\/uploads\/2023\/09\/logo_canon.svg","contentUrl":"https:\/\/www.canonvalles.com\/wp-content\/uploads\/2023\/09\/logo_canon.svg","width":175,"height":94,"caption":"Canon"},"image":{"@id":"https:\/\/www.canonvalles.com\/es\/#\/schema\/logo\/image\/"}},{"@type":"Person","@id":"https:\/\/www.canonvalles.com\/es\/#\/schema\/person\/6828da50be9127afc66e20cb19f10837","name":"admin_canon","image":{"@type":"ImageObject","inLanguage":"es","@id":"https:\/\/secure.gravatar.com\/avatar\/93d26027a4e4c0079fea9b904488089c6fd96094432069592a07745aba74b563?s=96&d=mm&r=g","url":"https:\/\/secure.gravatar.com\/avatar\/93d26027a4e4c0079fea9b904488089c6fd96094432069592a07745aba74b563?s=96&d=mm&r=g","contentUrl":"https:\/\/secure.gravatar.com\/avatar\/93d26027a4e4c0079fea9b904488089c6fd96094432069592a07745aba74b563?s=96&d=mm&r=g","caption":"admin_canon"},"sameAs":["https:\/\/www.canonvalles.com"],"url":"https:\/\/www.canonvalles.com\/es\/author\/admin_canon\/"}]}},"_links":{"self":[{"href":"https:\/\/www.canonvalles.com\/es\/wp-json\/wp\/v2\/posts\/2570","targetHints":{"allow":["GET"]}}],"collection":[{"href":"https:\/\/www.canonvalles.com\/es\/wp-json\/wp\/v2\/posts"}],"about":[{"href":"https:\/\/www.canonvalles.com\/es\/wp-json\/wp\/v2\/types\/post"}],"author":[{"embeddable":true,"href":"https:\/\/www.canonvalles.com\/es\/wp-json\/wp\/v2\/users\/1"}],"replies":[{"embeddable":true,"href":"https:\/\/www.canonvalles.com\/es\/wp-json\/wp\/v2\/comments?post=2570"}],"version-history":[{"count":1,"href":"https:\/\/www.canonvalles.com\/es\/wp-json\/wp\/v2\/posts\/2570\/revisions"}],"predecessor-version":[{"id":4934,"href":"https:\/\/www.canonvalles.com\/es\/wp-json\/wp\/v2\/posts\/2570\/revisions\/4934"}],"wp:attachment":[{"href":"https:\/\/www.canonvalles.com\/es\/wp-json\/wp\/v2\/media?parent=2570"}],"wp:term":[{"taxonomy":"category","embeddable":true,"href":"https:\/\/www.canonvalles.com\/es\/wp-json\/wp\/v2\/categories?post=2570"},{"taxonomy":"post_tag","embeddable":true,"href":"https:\/\/www.canonvalles.com\/es\/wp-json\/wp\/v2\/tags?post=2570"}],"curies":[{"name":"wp","href":"https:\/\/api.w.org\/{rel}","templated":true}]}}