{"id":13652,"date":"2025-12-23T12:50:08","date_gmt":"2025-12-23T10:50:08","guid":{"rendered":"https:\/\/www.canonvalles.com\/?p=13652"},"modified":"2025-12-23T12:50:55","modified_gmt":"2025-12-23T10:50:55","slug":"tendencias-en-ti-para-2026-las-cinco-prioridades-que-marcaran-la-agenda-de-los-cios","status":"publish","type":"post","link":"https:\/\/www.canonvalles.com\/es\/blog\/digitalizacion\/tendencias-en-ti-para-2026-las-cinco-prioridades-que-marcaran-la-agenda-de-los-cios\/","title":{"rendered":"Tendencias en TI para 2026: las cinco prioridades que marcar\u00e1n la agenda de los CIOs"},"content":{"rendered":"<p style=\"text-align: justify;\">La <strong>planificaci\u00f3n para los departamentos de TI para 2026<\/strong> se desarrolla en un contexto especialmente exigente. Las empresas se enfrentan a una combinaci\u00f3n de <strong>presi\u00f3n por resultados, incremento del riesgo digital, limitaciones presupuestarias y una aceleraci\u00f3n constante de la innovaci\u00f3n.<\/strong> En este escenario, el reto para los CIOs y responsables de TI ya no es incorporar m\u00e1s tecnolog\u00eda, sino <strong>priorizar correctamente<\/strong> y convertir la inversi\u00f3n tecnol\u00f3gica en valor real para el negocio.<\/p>\n<p style=\"text-align: justify;\">Desde la experiencia de Canon Vall\u00e8s, acompa\u00f1ando a empresas en <strong>procesos de digitalizaci\u00f3n y estandarizaci\u00f3n tecnol\u00f3gica<\/strong>, observamos que las organizaciones que avanzan con mayor solidez son aquellas que focalizan sus esfuerzos en un n\u00famero reducido de l\u00edneas estrat\u00e9gicas claras, bien gobernadas y alineadas con la operaci\u00f3n diaria.<\/p>\n<p style=\"text-align: justify;\">Estas son las cinco tendencias en TI que consideramos clave para 2026.<\/p>\n<h2><\/h2>\n<h2 style=\"text-align: justify;\">1. Inteligencia artificial operativa y orientada a negocio<\/h2>\n<p style=\"text-align: justify;\">La <strong>inteligencia artificial<\/strong>\u00a0deja de ser un elemento experimental para convertirse en una capacidad operativa integrada en los procesos de negocio. En 2026, el foco ya no estar\u00e1 en \u201ctener IA\u201d, sino en aplicarla de forma \u00fatil, medible y segura.<\/p>\n<p style=\"text-align: justify;\">Las organizaciones m\u00e1s maduras est\u00e1n evolucionando hacia casos de uso concretos: <strong>automatizaci\u00f3n de procesos administrativos, soporte a la toma de decisiones, optimizaci\u00f3n de flujos documentales, an\u00e1lisis predictivo o atenci\u00f3n al cliente asistida<\/strong>. La IA pasa a formar parte del d\u00eda a d\u00eda, no como una herramienta aislada, sino como un componente transversal.<\/p>\n<p style=\"text-align: justify;\">El principal desaf\u00edo no es tecnol\u00f3gico, sino organizativo: definir qu\u00e9 procesos deben apoyarse en IA, con qu\u00e9 datos, bajo qu\u00e9 controles y c\u00f3mo medir su impacto real. La gobernanza y la calidad del dato se convierten en factores cr\u00edticos de \u00e9xito.<\/p>\n<h2><\/h2>\n<h2 style=\"text-align: justify;\">2. Automatizaci\u00f3n avanzada y gesti\u00f3n de procesos<\/h2>\n<p style=\"text-align: justify;\">La automatizaci\u00f3n evoluciona hacia modelos m\u00e1s inteligentes y conectados. En 2026, veremos una clara consolidaci\u00f3n de plataformas de automatizaci\u00f3n capaces de <strong>coordinar procesos completos, combinando reglas, anal\u00edtica e inteligencia artificial.<\/strong><\/p>\n<p style=\"text-align: justify;\">Esto permitir\u00e1 reducir tareas manuales, minimizar errores y mejorar la eficiencia operativa en \u00e1reas como finanzas, recursos humanos, gesti\u00f3n documental o soporte TI. La automatizaci\u00f3n deja de ser un conjunto de scripts o flujos aislados para convertirse en una arquitectura de procesos.<\/p>\n<p style=\"text-align: justify;\"><strong>La automatizaci\u00f3n debe abordarse como un proyecto estructural<\/strong>, no como una suma de iniciativas t\u00e1cticas. Es fundamental mapear procesos, priorizar aquellos con mayor impacto y garantizar la integraci\u00f3n con los sistemas existentes para evitar nuevos silos digitales.<\/p>\n<h2><\/h2>\n<h2 style=\"text-align: justify;\">3. Ciberseguridad integrada y preventiva<\/h2>\n<p style=\"text-align: justify;\">La <strong>ciberseguridad<\/strong> sigue siendo una de las principales preocupaciones de los responsables de TI, pero su enfoque cambia. En 2026, la prioridad ser\u00e1 una seguridad integrada desde el dise\u00f1o, con un enfoque claramente preventivo.<\/p>\n<p style=\"text-align: justify;\">Las organizaciones avanzan hacia modelos donde la identidad es el nuevo per\u00edmetro, se refuerza el <strong>control de accesos, se automatiza la detecci\u00f3n de anomal\u00edas y se reduce de forma continua la superficie de ataque.<\/strong> La seguridad deja de ser reactiva para convertirse en una funci\u00f3n transversal del ecosistema tecnol\u00f3gico.<\/p>\n<p style=\"text-align: justify;\">La ciberseguridad debe alinearse con la estrategia global de TI y negocio. Invertir en prevenci\u00f3n, visibilidad y automatizaci\u00f3n reduce el impacto de incidentes y mejora la continuidad operativa, especialmente en entornos h\u00edbridos y multi-cloud.<\/p>\n<h2><\/h2>\n<h2 style=\"text-align: justify;\">4. Infraestructuras h\u00edbridas, flexibles y gobernadas<\/h2>\n<p style=\"text-align: justify;\">El modelo \u00fanico de infraestructura ya no responde a las necesidades actuales. En 2026, la mayor\u00eda de las organizaciones operar\u00e1n con <strong>entornos h\u00edbridos<\/strong>, combinando cloud p\u00fablico, privado y sistemas on-premise, seg\u00fan requisitos de coste, rendimiento, seguridad y cumplimiento.<\/p>\n<p style=\"text-align: justify;\">La tendencia no es solo tecnol\u00f3gica, sino de gobernanza: disponer de visibilidad, control de costes, pol\u00edticas homog\u00e9neas y capacidad de adaptaci\u00f3n ante cambios del negocio o del mercado.<\/p>\n<p style=\"text-align: justify;\">La complejidad no reside en la tecnolog\u00eda, sino en su gesti\u00f3n. Es imprescindible contar con una arquitectura bien dise\u00f1ada, herramientas de monitorizaci\u00f3n y modelos claros de responsabilidad para evitar sobrecostes, riesgos de seguridad o dependencia excesiva de proveedores.<\/p>\n<h2><\/h2>\n<h2 style=\"text-align: justify;\">5. Gesti\u00f3n del cambio cultural y adopci\u00f3n tecnol\u00f3gica<\/h2>\n<p style=\"text-align: justify;\">Ninguna de las tendencias anteriores tendr\u00e1 impacto real sin una adopci\u00f3n efectiva por parte de las personas. En 2026, la gesti\u00f3n del cambio cultural se consolida como uno de los principales factores diferenciales en los proyectos de TI.<\/p>\n<p style=\"text-align: justify;\"><strong>La resistencia al cambio, la falta de formaci\u00f3n o la percepci\u00f3n de la tecnolog\u00eda como una imposici\u00f3n<\/strong> siguen siendo barreras habituales. Las organizaciones que invierten en comunicaci\u00f3n, formaci\u00f3n y acompa\u00f1amiento consiguen mayor retorno de sus iniciativas digitales.<\/p>\n<p style=\"text-align: justify;\">El CIO asume un rol cada vez m\u00e1s estrat\u00e9gico como impulsor del cambio. Liderar con el ejemplo, explicar el valor de la tecnolog\u00eda y fomentar una cultura de aprendizaje continuo es tan importante como elegir la soluci\u00f3n t\u00e9cnica adecuada.<\/p>\n<p>&nbsp;<\/p>\n<h2 style=\"text-align: justify;\">Priorizar, acompa\u00f1ar y consolidar<\/h2>\n<p style=\"text-align: justify;\">En Canon Vall\u00e8s abordamos estas tendencias desde una perspectiva pr\u00e1ctica y realista. Nuestro trabajo no consiste \u00fanicamente en implantar tecnolog\u00eda, sino en <strong>acompa\u00f1ar a las organizaciones paso a paso<\/strong>, asegurando que cada decisi\u00f3n tecnol\u00f3gica tenga sentido operativo y retorno de inversi\u00f3n.<\/p>\n<p style=\"text-align: justify;\"><span style=\"text-decoration: underline;\"><strong>Nuestra hoja de ruta para asegurar el \u00e9xito:<\/strong><\/span><\/p>\n<ul>\n<li style=\"text-align: justify;\">Diagn\u00f3stico y priorizaci\u00f3n, para identificar qu\u00e9 iniciativas aportan mayor valor.<\/li>\n<li style=\"text-align: justify;\">Dise\u00f1o de soluciones escalables, alineadas con la estrategia de cada empresa.<\/li>\n<li style=\"text-align: justify;\">Acompa\u00f1amiento continuo, combinando soporte t\u00e9cnico, formaci\u00f3n y asesoramiento.<\/li>\n<\/ul>\n<p style=\"text-align: justify;\">Este modelo nos permite transformar las tendencias en capacidades reales y sostenibles, adaptadas al ritmo y a la madurez de cada organizaci\u00f3n.<\/p>\n<p style=\"text-align: justify;\">El a\u00f1o 2026 no estar\u00e1 marcado por una \u00fanica tecnolog\u00eda disruptiva, sino por la capacidad de las empresas para <strong>integrar, gobernar y aprovechar la tecnolog\u00eda de forma coherente<\/strong>. Inteligencia artificial, automatizaci\u00f3n, ciberseguridad, infraestructuras h\u00edbridas y cambio cultural forman un conjunto inseparable.<\/p>\n<p style=\"text-align: justify;\">Para los CIOs y responsables de TI, <strong>el reto no es hacer m\u00e1s, sino elegir mejor<\/strong>. Priorizar estas cinco tendencias permitir\u00e1 construir una base s\u00f3lida para afrontar los pr\u00f3ximos a\u00f1os con mayor eficiencia, seguridad y competitividad.<\/p>\n<p style=\"text-align: justify;\">Si quieres definir y ejecutar con garant\u00edas tu plan de TI para 2026, en Canon Vall\u00e8s te acompa\u00f1amos para convertir la estrategia tecnol\u00f3gica en resultados reales, de forma estructurada y alineada con los objetivos de tu organizaci\u00f3n.<\/p>\n","protected":false},"excerpt":{"rendered":"<p>La planificaci\u00f3n para los departamentos de TI para 2026 se desarrolla en un contexto especialmente exigente. Las empresas se enfrentan a una combinaci\u00f3n de presi\u00f3n por resultados, incremento del riesgo digital, limitaciones presupuestarias y una aceleraci\u00f3n constante de la innovaci\u00f3n. En este escenario, el reto para los CIOs y responsables de TI ya no es [&hellip;]<\/p>\n","protected":false},"author":2,"featured_media":13653,"comment_status":"open","ping_status":"open","sticky":false,"template":"","format":"standard","meta":{"_acf_changed":false,"footnotes":""},"categories":[226,114],"tags":[],"class_list":["post-13652","post","type-post","status-publish","format-standard","has-post-thumbnail","hentry","category-consultoria-informatica","category-digitalizacion"],"acf":[],"yoast_head":"<!-- This site is optimized with the Yoast SEO plugin v27.3 - https:\/\/yoast.com\/product\/yoast-seo-wordpress\/ -->\n<title>Tendencias en TI para 2026: prioridades clave para CIOs<\/title>\n<meta name=\"description\" content=\"Las cinco tendencias en TI que marcar\u00e1n 2026 y c\u00f3mo los CIOs pueden priorizar la inversi\u00f3n tecnol\u00f3gica con impacto real en el negocio.\" \/>\n<meta name=\"robots\" content=\"index, follow, max-snippet:-1, max-image-preview:large, max-video-preview:-1\" \/>\n<link rel=\"canonical\" href=\"https:\/\/www.canonvalles.com\/es\/blog\/digitalizacion\/tendencias-en-ti-para-2026-las-cinco-prioridades-que-marcaran-la-agenda-de-los-cios\/\" \/>\n<meta property=\"og:locale\" content=\"es_ES\" \/>\n<meta property=\"og:type\" content=\"article\" \/>\n<meta property=\"og:title\" content=\"Tendencias en TI para 2026: prioridades clave para CIOs\" \/>\n<meta property=\"og:description\" content=\"Las cinco tendencias en TI que marcar\u00e1n 2026 y c\u00f3mo los CIOs pueden priorizar la inversi\u00f3n tecnol\u00f3gica con impacto real en el negocio.\" \/>\n<meta property=\"og:url\" content=\"https:\/\/www.canonvalles.com\/es\/blog\/digitalizacion\/tendencias-en-ti-para-2026-las-cinco-prioridades-que-marcaran-la-agenda-de-los-cios\/\" \/>\n<meta property=\"og:site_name\" content=\"Canon\" \/>\n<meta property=\"article:published_time\" content=\"2025-12-23T10:50:08+00:00\" \/>\n<meta property=\"article:modified_time\" content=\"2025-12-23T10:50:55+00:00\" \/>\n<meta property=\"og:image\" content=\"https:\/\/www.canonvalles.com\/wp-content\/uploads\/2025\/12\/Tendencias-en-TI-para-2026-prioridades-clave-para-CIOs.jpg\" \/>\n\t<meta property=\"og:image:width\" content=\"1424\" \/>\n\t<meta property=\"og:image:height\" content=\"800\" \/>\n\t<meta property=\"og:image:type\" content=\"image\/jpeg\" \/>\n<meta name=\"author\" content=\"Josep\" \/>\n<meta name=\"twitter:card\" content=\"summary_large_image\" \/>\n<meta name=\"twitter:label1\" content=\"Escrito por\" \/>\n\t<meta name=\"twitter:data1\" content=\"Josep\" \/>\n\t<meta name=\"twitter:label2\" content=\"Tiempo de lectura\" \/>\n\t<meta name=\"twitter:data2\" content=\"6 minutos\" \/>\n<script type=\"application\/ld+json\" class=\"yoast-schema-graph\">{\"@context\":\"https:\\\/\\\/schema.org\",\"@graph\":[{\"@type\":\"Article\",\"@id\":\"https:\\\/\\\/www.canonvalles.com\\\/es\\\/blog\\\/digitalizacion\\\/tendencias-en-ti-para-2026-las-cinco-prioridades-que-marcaran-la-agenda-de-los-cios\\\/#article\",\"isPartOf\":{\"@id\":\"https:\\\/\\\/www.canonvalles.com\\\/es\\\/blog\\\/digitalizacion\\\/tendencias-en-ti-para-2026-las-cinco-prioridades-que-marcaran-la-agenda-de-los-cios\\\/\"},\"author\":{\"name\":\"Josep\",\"@id\":\"https:\\\/\\\/www.canonvalles.com\\\/es\\\/#\\\/schema\\\/person\\\/fe1954c4da4d207275d04a2d25d66c67\"},\"headline\":\"Tendencias en TI para 2026: las cinco prioridades que marcar\u00e1n la agenda de los CIOs\",\"datePublished\":\"2025-12-23T10:50:08+00:00\",\"dateModified\":\"2025-12-23T10:50:55+00:00\",\"mainEntityOfPage\":{\"@id\":\"https:\\\/\\\/www.canonvalles.com\\\/es\\\/blog\\\/digitalizacion\\\/tendencias-en-ti-para-2026-las-cinco-prioridades-que-marcaran-la-agenda-de-los-cios\\\/\"},\"wordCount\":1073,\"commentCount\":0,\"publisher\":{\"@id\":\"https:\\\/\\\/www.canonvalles.com\\\/es\\\/#organization\"},\"image\":{\"@id\":\"https:\\\/\\\/www.canonvalles.com\\\/es\\\/blog\\\/digitalizacion\\\/tendencias-en-ti-para-2026-las-cinco-prioridades-que-marcaran-la-agenda-de-los-cios\\\/#primaryimage\"},\"thumbnailUrl\":\"https:\\\/\\\/www.canonvalles.com\\\/wp-content\\\/uploads\\\/2025\\\/12\\\/Tendencias-en-TI-para-2026-prioridades-clave-para-CIOs.jpg\",\"articleSection\":[\"Consultor\u00eda inform\u00e1tica\",\"Digitalizaci\u00f3n\"],\"inLanguage\":\"es\",\"potentialAction\":[{\"@type\":\"CommentAction\",\"name\":\"Comment\",\"target\":[\"https:\\\/\\\/www.canonvalles.com\\\/es\\\/blog\\\/digitalizacion\\\/tendencias-en-ti-para-2026-las-cinco-prioridades-que-marcaran-la-agenda-de-los-cios\\\/#respond\"]}]},{\"@type\":\"WebPage\",\"@id\":\"https:\\\/\\\/www.canonvalles.com\\\/es\\\/blog\\\/digitalizacion\\\/tendencias-en-ti-para-2026-las-cinco-prioridades-que-marcaran-la-agenda-de-los-cios\\\/\",\"url\":\"https:\\\/\\\/www.canonvalles.com\\\/es\\\/blog\\\/digitalizacion\\\/tendencias-en-ti-para-2026-las-cinco-prioridades-que-marcaran-la-agenda-de-los-cios\\\/\",\"name\":\"Tendencias en TI para 2026: prioridades clave para CIOs\",\"isPartOf\":{\"@id\":\"https:\\\/\\\/www.canonvalles.com\\\/es\\\/#website\"},\"primaryImageOfPage\":{\"@id\":\"https:\\\/\\\/www.canonvalles.com\\\/es\\\/blog\\\/digitalizacion\\\/tendencias-en-ti-para-2026-las-cinco-prioridades-que-marcaran-la-agenda-de-los-cios\\\/#primaryimage\"},\"image\":{\"@id\":\"https:\\\/\\\/www.canonvalles.com\\\/es\\\/blog\\\/digitalizacion\\\/tendencias-en-ti-para-2026-las-cinco-prioridades-que-marcaran-la-agenda-de-los-cios\\\/#primaryimage\"},\"thumbnailUrl\":\"https:\\\/\\\/www.canonvalles.com\\\/wp-content\\\/uploads\\\/2025\\\/12\\\/Tendencias-en-TI-para-2026-prioridades-clave-para-CIOs.jpg\",\"datePublished\":\"2025-12-23T10:50:08+00:00\",\"dateModified\":\"2025-12-23T10:50:55+00:00\",\"description\":\"Las cinco tendencias en TI que marcar\u00e1n 2026 y c\u00f3mo los CIOs pueden priorizar la inversi\u00f3n tecnol\u00f3gica con impacto real en el negocio.\",\"breadcrumb\":{\"@id\":\"https:\\\/\\\/www.canonvalles.com\\\/es\\\/blog\\\/digitalizacion\\\/tendencias-en-ti-para-2026-las-cinco-prioridades-que-marcaran-la-agenda-de-los-cios\\\/#breadcrumb\"},\"inLanguage\":\"es\",\"potentialAction\":[{\"@type\":\"ReadAction\",\"target\":[\"https:\\\/\\\/www.canonvalles.com\\\/es\\\/blog\\\/digitalizacion\\\/tendencias-en-ti-para-2026-las-cinco-prioridades-que-marcaran-la-agenda-de-los-cios\\\/\"]}]},{\"@type\":\"ImageObject\",\"inLanguage\":\"es\",\"@id\":\"https:\\\/\\\/www.canonvalles.com\\\/es\\\/blog\\\/digitalizacion\\\/tendencias-en-ti-para-2026-las-cinco-prioridades-que-marcaran-la-agenda-de-los-cios\\\/#primaryimage\",\"url\":\"https:\\\/\\\/www.canonvalles.com\\\/wp-content\\\/uploads\\\/2025\\\/12\\\/Tendencias-en-TI-para-2026-prioridades-clave-para-CIOs.jpg\",\"contentUrl\":\"https:\\\/\\\/www.canonvalles.com\\\/wp-content\\\/uploads\\\/2025\\\/12\\\/Tendencias-en-TI-para-2026-prioridades-clave-para-CIOs.jpg\",\"width\":1424,\"height\":800},{\"@type\":\"BreadcrumbList\",\"@id\":\"https:\\\/\\\/www.canonvalles.com\\\/es\\\/blog\\\/digitalizacion\\\/tendencias-en-ti-para-2026-las-cinco-prioridades-que-marcaran-la-agenda-de-los-cios\\\/#breadcrumb\",\"itemListElement\":[{\"@type\":\"ListItem\",\"position\":1,\"name\":\"Home\",\"item\":\"https:\\\/\\\/www.canonvalles.com\\\/es\\\/inicio\\\/\"},{\"@type\":\"ListItem\",\"position\":2,\"name\":\"Tendencias en TI para 2026: las cinco prioridades que marcar\u00e1n la agenda de los CIOs\"}]},{\"@type\":\"WebSite\",\"@id\":\"https:\\\/\\\/www.canonvalles.com\\\/es\\\/#website\",\"url\":\"https:\\\/\\\/www.canonvalles.com\\\/es\\\/\",\"name\":\"Canon\",\"description\":\"Valles\",\"publisher\":{\"@id\":\"https:\\\/\\\/www.canonvalles.com\\\/es\\\/#organization\"},\"potentialAction\":[{\"@type\":\"SearchAction\",\"target\":{\"@type\":\"EntryPoint\",\"urlTemplate\":\"https:\\\/\\\/www.canonvalles.com\\\/es\\\/?s={search_term_string}\"},\"query-input\":{\"@type\":\"PropertyValueSpecification\",\"valueRequired\":true,\"valueName\":\"search_term_string\"}}],\"inLanguage\":\"es\"},{\"@type\":\"Organization\",\"@id\":\"https:\\\/\\\/www.canonvalles.com\\\/es\\\/#organization\",\"name\":\"Canon\",\"url\":\"https:\\\/\\\/www.canonvalles.com\\\/es\\\/\",\"logo\":{\"@type\":\"ImageObject\",\"inLanguage\":\"es\",\"@id\":\"https:\\\/\\\/www.canonvalles.com\\\/es\\\/#\\\/schema\\\/logo\\\/image\\\/\",\"url\":\"https:\\\/\\\/www.canonvalles.com\\\/wp-content\\\/uploads\\\/2023\\\/09\\\/logo_canon.svg\",\"contentUrl\":\"https:\\\/\\\/www.canonvalles.com\\\/wp-content\\\/uploads\\\/2023\\\/09\\\/logo_canon.svg\",\"width\":175,\"height\":94,\"caption\":\"Canon\"},\"image\":{\"@id\":\"https:\\\/\\\/www.canonvalles.com\\\/es\\\/#\\\/schema\\\/logo\\\/image\\\/\"}},{\"@type\":\"Person\",\"@id\":\"https:\\\/\\\/www.canonvalles.com\\\/es\\\/#\\\/schema\\\/person\\\/fe1954c4da4d207275d04a2d25d66c67\",\"name\":\"Josep\",\"image\":{\"@type\":\"ImageObject\",\"inLanguage\":\"es\",\"@id\":\"https:\\\/\\\/secure.gravatar.com\\\/avatar\\\/cb39934f20f218279bbeb96595e213ee347b6b661fcfb816af4ac244d7ea2e57?s=96&d=mm&r=g\",\"url\":\"https:\\\/\\\/secure.gravatar.com\\\/avatar\\\/cb39934f20f218279bbeb96595e213ee347b6b661fcfb816af4ac244d7ea2e57?s=96&d=mm&r=g\",\"contentUrl\":\"https:\\\/\\\/secure.gravatar.com\\\/avatar\\\/cb39934f20f218279bbeb96595e213ee347b6b661fcfb816af4ac244d7ea2e57?s=96&d=mm&r=g\",\"caption\":\"Josep\"},\"url\":\"https:\\\/\\\/www.canonvalles.com\\\/es\\\/author\\\/josep\\\/\"}]}<\/script>\n<!-- \/ Yoast SEO plugin. -->","yoast_head_json":{"title":"Tendencias en TI para 2026: prioridades clave para CIOs","description":"Las cinco tendencias en TI que marcar\u00e1n 2026 y c\u00f3mo los CIOs pueden priorizar la inversi\u00f3n tecnol\u00f3gica con impacto real en el negocio.","robots":{"index":"index","follow":"follow","max-snippet":"max-snippet:-1","max-image-preview":"max-image-preview:large","max-video-preview":"max-video-preview:-1"},"canonical":"https:\/\/www.canonvalles.com\/es\/blog\/digitalizacion\/tendencias-en-ti-para-2026-las-cinco-prioridades-que-marcaran-la-agenda-de-los-cios\/","og_locale":"es_ES","og_type":"article","og_title":"Tendencias en TI para 2026: prioridades clave para CIOs","og_description":"Las cinco tendencias en TI que marcar\u00e1n 2026 y c\u00f3mo los CIOs pueden priorizar la inversi\u00f3n tecnol\u00f3gica con impacto real en el negocio.","og_url":"https:\/\/www.canonvalles.com\/es\/blog\/digitalizacion\/tendencias-en-ti-para-2026-las-cinco-prioridades-que-marcaran-la-agenda-de-los-cios\/","og_site_name":"Canon","article_published_time":"2025-12-23T10:50:08+00:00","article_modified_time":"2025-12-23T10:50:55+00:00","og_image":[{"width":1424,"height":800,"url":"https:\/\/www.canonvalles.com\/wp-content\/uploads\/2025\/12\/Tendencias-en-TI-para-2026-prioridades-clave-para-CIOs.jpg","type":"image\/jpeg"}],"author":"Josep","twitter_card":"summary_large_image","twitter_misc":{"Escrito por":"Josep","Tiempo de lectura":"6 minutos"},"schema":{"@context":"https:\/\/schema.org","@graph":[{"@type":"Article","@id":"https:\/\/www.canonvalles.com\/es\/blog\/digitalizacion\/tendencias-en-ti-para-2026-las-cinco-prioridades-que-marcaran-la-agenda-de-los-cios\/#article","isPartOf":{"@id":"https:\/\/www.canonvalles.com\/es\/blog\/digitalizacion\/tendencias-en-ti-para-2026-las-cinco-prioridades-que-marcaran-la-agenda-de-los-cios\/"},"author":{"name":"Josep","@id":"https:\/\/www.canonvalles.com\/es\/#\/schema\/person\/fe1954c4da4d207275d04a2d25d66c67"},"headline":"Tendencias en TI para 2026: las cinco prioridades que marcar\u00e1n la agenda de los CIOs","datePublished":"2025-12-23T10:50:08+00:00","dateModified":"2025-12-23T10:50:55+00:00","mainEntityOfPage":{"@id":"https:\/\/www.canonvalles.com\/es\/blog\/digitalizacion\/tendencias-en-ti-para-2026-las-cinco-prioridades-que-marcaran-la-agenda-de-los-cios\/"},"wordCount":1073,"commentCount":0,"publisher":{"@id":"https:\/\/www.canonvalles.com\/es\/#organization"},"image":{"@id":"https:\/\/www.canonvalles.com\/es\/blog\/digitalizacion\/tendencias-en-ti-para-2026-las-cinco-prioridades-que-marcaran-la-agenda-de-los-cios\/#primaryimage"},"thumbnailUrl":"https:\/\/www.canonvalles.com\/wp-content\/uploads\/2025\/12\/Tendencias-en-TI-para-2026-prioridades-clave-para-CIOs.jpg","articleSection":["Consultor\u00eda inform\u00e1tica","Digitalizaci\u00f3n"],"inLanguage":"es","potentialAction":[{"@type":"CommentAction","name":"Comment","target":["https:\/\/www.canonvalles.com\/es\/blog\/digitalizacion\/tendencias-en-ti-para-2026-las-cinco-prioridades-que-marcaran-la-agenda-de-los-cios\/#respond"]}]},{"@type":"WebPage","@id":"https:\/\/www.canonvalles.com\/es\/blog\/digitalizacion\/tendencias-en-ti-para-2026-las-cinco-prioridades-que-marcaran-la-agenda-de-los-cios\/","url":"https:\/\/www.canonvalles.com\/es\/blog\/digitalizacion\/tendencias-en-ti-para-2026-las-cinco-prioridades-que-marcaran-la-agenda-de-los-cios\/","name":"Tendencias en TI para 2026: prioridades clave para CIOs","isPartOf":{"@id":"https:\/\/www.canonvalles.com\/es\/#website"},"primaryImageOfPage":{"@id":"https:\/\/www.canonvalles.com\/es\/blog\/digitalizacion\/tendencias-en-ti-para-2026-las-cinco-prioridades-que-marcaran-la-agenda-de-los-cios\/#primaryimage"},"image":{"@id":"https:\/\/www.canonvalles.com\/es\/blog\/digitalizacion\/tendencias-en-ti-para-2026-las-cinco-prioridades-que-marcaran-la-agenda-de-los-cios\/#primaryimage"},"thumbnailUrl":"https:\/\/www.canonvalles.com\/wp-content\/uploads\/2025\/12\/Tendencias-en-TI-para-2026-prioridades-clave-para-CIOs.jpg","datePublished":"2025-12-23T10:50:08+00:00","dateModified":"2025-12-23T10:50:55+00:00","description":"Las cinco tendencias en TI que marcar\u00e1n 2026 y c\u00f3mo los CIOs pueden priorizar la inversi\u00f3n tecnol\u00f3gica con impacto real en el negocio.","breadcrumb":{"@id":"https:\/\/www.canonvalles.com\/es\/blog\/digitalizacion\/tendencias-en-ti-para-2026-las-cinco-prioridades-que-marcaran-la-agenda-de-los-cios\/#breadcrumb"},"inLanguage":"es","potentialAction":[{"@type":"ReadAction","target":["https:\/\/www.canonvalles.com\/es\/blog\/digitalizacion\/tendencias-en-ti-para-2026-las-cinco-prioridades-que-marcaran-la-agenda-de-los-cios\/"]}]},{"@type":"ImageObject","inLanguage":"es","@id":"https:\/\/www.canonvalles.com\/es\/blog\/digitalizacion\/tendencias-en-ti-para-2026-las-cinco-prioridades-que-marcaran-la-agenda-de-los-cios\/#primaryimage","url":"https:\/\/www.canonvalles.com\/wp-content\/uploads\/2025\/12\/Tendencias-en-TI-para-2026-prioridades-clave-para-CIOs.jpg","contentUrl":"https:\/\/www.canonvalles.com\/wp-content\/uploads\/2025\/12\/Tendencias-en-TI-para-2026-prioridades-clave-para-CIOs.jpg","width":1424,"height":800},{"@type":"BreadcrumbList","@id":"https:\/\/www.canonvalles.com\/es\/blog\/digitalizacion\/tendencias-en-ti-para-2026-las-cinco-prioridades-que-marcaran-la-agenda-de-los-cios\/#breadcrumb","itemListElement":[{"@type":"ListItem","position":1,"name":"Home","item":"https:\/\/www.canonvalles.com\/es\/inicio\/"},{"@type":"ListItem","position":2,"name":"Tendencias en TI para 2026: las cinco prioridades que marcar\u00e1n la agenda de los CIOs"}]},{"@type":"WebSite","@id":"https:\/\/www.canonvalles.com\/es\/#website","url":"https:\/\/www.canonvalles.com\/es\/","name":"Canon","description":"Valles","publisher":{"@id":"https:\/\/www.canonvalles.com\/es\/#organization"},"potentialAction":[{"@type":"SearchAction","target":{"@type":"EntryPoint","urlTemplate":"https:\/\/www.canonvalles.com\/es\/?s={search_term_string}"},"query-input":{"@type":"PropertyValueSpecification","valueRequired":true,"valueName":"search_term_string"}}],"inLanguage":"es"},{"@type":"Organization","@id":"https:\/\/www.canonvalles.com\/es\/#organization","name":"Canon","url":"https:\/\/www.canonvalles.com\/es\/","logo":{"@type":"ImageObject","inLanguage":"es","@id":"https:\/\/www.canonvalles.com\/es\/#\/schema\/logo\/image\/","url":"https:\/\/www.canonvalles.com\/wp-content\/uploads\/2023\/09\/logo_canon.svg","contentUrl":"https:\/\/www.canonvalles.com\/wp-content\/uploads\/2023\/09\/logo_canon.svg","width":175,"height":94,"caption":"Canon"},"image":{"@id":"https:\/\/www.canonvalles.com\/es\/#\/schema\/logo\/image\/"}},{"@type":"Person","@id":"https:\/\/www.canonvalles.com\/es\/#\/schema\/person\/fe1954c4da4d207275d04a2d25d66c67","name":"Josep","image":{"@type":"ImageObject","inLanguage":"es","@id":"https:\/\/secure.gravatar.com\/avatar\/cb39934f20f218279bbeb96595e213ee347b6b661fcfb816af4ac244d7ea2e57?s=96&d=mm&r=g","url":"https:\/\/secure.gravatar.com\/avatar\/cb39934f20f218279bbeb96595e213ee347b6b661fcfb816af4ac244d7ea2e57?s=96&d=mm&r=g","contentUrl":"https:\/\/secure.gravatar.com\/avatar\/cb39934f20f218279bbeb96595e213ee347b6b661fcfb816af4ac244d7ea2e57?s=96&d=mm&r=g","caption":"Josep"},"url":"https:\/\/www.canonvalles.com\/es\/author\/josep\/"}]}},"_links":{"self":[{"href":"https:\/\/www.canonvalles.com\/es\/wp-json\/wp\/v2\/posts\/13652","targetHints":{"allow":["GET"]}}],"collection":[{"href":"https:\/\/www.canonvalles.com\/es\/wp-json\/wp\/v2\/posts"}],"about":[{"href":"https:\/\/www.canonvalles.com\/es\/wp-json\/wp\/v2\/types\/post"}],"author":[{"embeddable":true,"href":"https:\/\/www.canonvalles.com\/es\/wp-json\/wp\/v2\/users\/2"}],"replies":[{"embeddable":true,"href":"https:\/\/www.canonvalles.com\/es\/wp-json\/wp\/v2\/comments?post=13652"}],"version-history":[{"count":2,"href":"https:\/\/www.canonvalles.com\/es\/wp-json\/wp\/v2\/posts\/13652\/revisions"}],"predecessor-version":[{"id":13655,"href":"https:\/\/www.canonvalles.com\/es\/wp-json\/wp\/v2\/posts\/13652\/revisions\/13655"}],"wp:featuredmedia":[{"embeddable":true,"href":"https:\/\/www.canonvalles.com\/es\/wp-json\/wp\/v2\/media\/13653"}],"wp:attachment":[{"href":"https:\/\/www.canonvalles.com\/es\/wp-json\/wp\/v2\/media?parent=13652"}],"wp:term":[{"taxonomy":"category","embeddable":true,"href":"https:\/\/www.canonvalles.com\/es\/wp-json\/wp\/v2\/categories?post=13652"},{"taxonomy":"post_tag","embeddable":true,"href":"https:\/\/www.canonvalles.com\/es\/wp-json\/wp\/v2\/tags?post=13652"}],"curies":[{"name":"wp","href":"https:\/\/api.w.org\/{rel}","templated":true}]}}